{"id":69543,"date":"2025-11-01T10:09:08","date_gmt":"2025-11-01T10:09:08","guid":{"rendered":"https:\/\/www.europesays.com\/se\/69543\/"},"modified":"2025-11-01T10:09:08","modified_gmt":"2025-11-01T10:09:08","slug":"tidigare-arsenalspelaren-willie-young-ar-dod-premier-league","status":"publish","type":"post","link":"https:\/\/www.europesays.com\/se\/69543\/","title":{"rendered":"Tidigare Arsenalspelaren Willie Young \u00e4r d\u00f6d | Premier League"},"content":{"rendered":"<p>Publicerad 1 nov 2025 kl 10.33Uppdaterad kl 11.03<\/p>\n<p>F\u00f6rre Arsenalf\u00f6rsvararen Willie Young \u00e4r d\u00f6d, meddelar klubben i <a href=\"https:\/\/www.arsenal.com\/news\/willie-young-1951-2025\" rel=\"nofollow noopener\" target=\"_blank\">ett uttalande<\/a>. Han blev 73 \u00e5r gammal.<\/p>\n<p><img   alt=\"\"\/><\/p>\n<p>Willie Reed till v\u00e4nster i Arsenals tr\u00f6ja.<\/p>\n<p>Foto: David Bagnall\/REX \/ TT NYHETSBYR\u00c5N<\/p>\n<p>\u00d6ppna bild i helsk\u00e4rm<img loading=\"lazy\"   alt=\"\"\/><\/p>\n<p>Willie Reed jublar efter segern i FA-cup-finalen mot Manchester United 1979.<\/p>\n<p>Foto: Colorsport\/REX \/ TT NYHETSBYR\u00c5N<\/p>\n<p>\u00d6ppna bild i helsk\u00e4rm<\/p>\n<p>Skotten Young slog igenom i skotska Aberdeen innan flyttlasset gick vidare till Tottenham. D\u00e4refter gjorde han den f\u00f6rbjudna flytten n\u00e4r han i mars 1977 v\u00e4rvades till <a href=\"https:\/\/www.expressen.se\/tagg\/organization\/arsenal\/\" class=\"\" rel=\"nofollow noopener\" target=\"_blank\">Arsenal<\/a> fr\u00e5n \u00e4rkerivalen. I Arsenal spelade han sedan i fyra \u00e5r och gjorde sammanlagt 236 matcher.<\/p>\n<p>Hans fr\u00e4msta merit i den r\u00f6da tr\u00f6jan var FA-cup-segern 1979, d\u00e4r han var en b\u00e4rande spelare och blev en kulthj\u00e4lte bland supportrarna. Dessutom lyckades han vara med och b\u00e4rga cupvinnarcupen 1980.<\/p>\n<p>\u201dV\u00e5ra tankar \u00e4r med hans familj och n\u00e4ra v\u00e4nner i den h\u00e4r sv\u00e5ra tiden. Vila i frid Willie\u201d, skriver klubben p\u00e5 sin hemsida.<\/p>\n<p>1981 gick flyttlasset vidare till Nottingham som v\u00e4rvade Young f\u00f6r 175 000 pund. Han spelade \u00e4ven i Norwich, Brighton och Darlington innan han la skorna p\u00e5 hyllan 1984.<\/p>\n<p>Willie Reed dog den 31 oktober, blev 73 \u00e5r gammal och l\u00e4mnar efter sig fru och tre barn.<\/p>\n","protected":false},"excerpt":{"rendered":"Publicerad 1 nov 2025 kl 10.33Uppdaterad kl 11.03 F\u00f6rre Arsenalf\u00f6rsvararen Willie Young \u00e4r d\u00f6d, meddelar klubben i ett&hellip;\n","protected":false},"author":2,"featured_media":69544,"comment_status":"","ping_status":"","sticky":false,"template":"","format":"standard","meta":{"footnotes":""},"categories":[68],"tags":[1229,34,129,242,111,110,31,33,32,30],"class_list":{"0":"post-69543","1":"post","2":"type-post","3":"status-publish","4":"format-standard","5":"has-post-thumbnail","7":"category-sport","8":"tag-organization-arsenal","9":"tag-se","10":"tag-sections-fotboll","11":"tag-sections-premierleague","12":"tag-sport","13":"tag-sports","14":"tag-svenska","15":"tag-sverige","16":"tag-sweden","17":"tag-swedish"},"share_on_mastodon":{"url":"https:\/\/pubeurope.com\/@se\/115473898706605704","error":""},"_links":{"self":[{"href":"https:\/\/www.europesays.com\/se\/wp-json\/wp\/v2\/posts\/69543","targetHints":{"allow":["GET"]}}],"collection":[{"href":"https:\/\/www.europesays.com\/se\/wp-json\/wp\/v2\/posts"}],"about":[{"href":"https:\/\/www.europesays.com\/se\/wp-json\/wp\/v2\/types\/post"}],"author":[{"embeddable":true,"href":"https:\/\/www.europesays.com\/se\/wp-json\/wp\/v2\/users\/2"}],"replies":[{"embeddable":true,"href":"https:\/\/www.europesays.com\/se\/wp-json\/wp\/v2\/comments?post=69543"}],"version-history":[{"count":0,"href":"https:\/\/www.europesays.com\/se\/wp-json\/wp\/v2\/posts\/69543\/revisions"}],"wp:featuredmedia":[{"embeddable":true,"href":"https:\/\/www.europesays.com\/se\/wp-json\/wp\/v2\/media\/69544"}],"wp:attachment":[{"href":"https:\/\/www.europesays.com\/se\/wp-json\/wp\/v2\/media?parent=69543"}],"wp:term":[{"taxonomy":"category","embeddable":true,"href":"https:\/\/www.europesays.com\/se\/wp-json\/wp\/v2\/categories?post=69543"},{"taxonomy":"post_tag","embeddable":true,"href":"https:\/\/www.europesays.com\/se\/wp-json\/wp\/v2\/tags?post=69543"}],"curies":[{"name":"wp","href":"https:\/\/api.w.org\/{rel}","templated":true}]}}