{"id":69545,"date":"2025-11-01T10:12:14","date_gmt":"2025-11-01T10:12:14","guid":{"rendered":"https:\/\/www.europesays.com\/se\/69545\/"},"modified":"2025-11-01T10:12:14","modified_gmt":"2025-11-01T10:12:14","slug":"apples-forsaljning-foll-i-kina-aktien-lyfte-2","status":"publish","type":"post","link":"https:\/\/www.europesays.com\/se\/69545\/","title":{"rendered":"Apples f\u00f6rs\u00e4ljning f\u00f6ll i Kina \u2013 aktien lyfte"},"content":{"rendered":"<p>Publicerad 31 okt 2025 kl 08.12<\/p>\n<p>Teknikj\u00e4tten Apple \u00f6vertr\u00e4ffade m\u00e5nga av f\u00f6rv\u00e4ntningarna det senaste kvartalet.<\/p>\n<p>Men f\u00f6rs\u00e4ljningen i Kina missade m\u00e5let med r\u00e5ge, enligt rapporten.<\/p>\n<p>USA s\u00e4nker tullarna mot Kina: \u201dF\u00f6rv\u00e5nar mig v\u00e4ldigt mycket&#8221;<img loading=\"lazy\"   alt=\"\"\/><\/p>\n<p>Apples f\u00f6rs\u00e4ljning minskar i Kina.<\/p>\n<p>Foto: AA \/ STELLA PICTURES<\/p>\n<p>\u00d6ppna bild i helsk\u00e4rm<img loading=\"lazy\"   alt=\"\"\/><\/p>\n<p>Kinas ledare Xi Jinping.<\/p>\n<p>Foto: YONHAP \/ EPA YNA<\/p>\n<p>\u00d6ppna bild i helsk\u00e4rm<\/p>\n<p>Oms\u00e4ttningen f\u00f6r kvartalet uppgick till 102,5 miljarder dollar, motsvarande 962 miljarder kronor. Precis \u00f6ver marknadens f\u00f6rv\u00e4ntningarna.<\/p>\n<p>Men trots de starka \u00f6vergripande siffrorna f\u00f6ll f\u00f6rs\u00e4ljningen j\u00e4mf\u00f6rt med samma period f\u00f6rra \u00e5ret i en region: Kina. F\u00f6rs\u00e4ljningen d\u00e4r uppgick till 14,5 miljarder dollar, 3,6 procent l\u00e4gre \u00e4n samma period i fjol. Analytikerna trodde p\u00e5 16,4 miljarder dollar.<\/p>\n<p>Vinsten d\u00e4remot m\u00e4ttes till 1,85 dollar per aktie. Analytikernas snittprognos l\u00e5g p\u00e5 1,77 dollar per aktie.<\/p>\n<p>F\u00f6rs\u00e4ljningen av Iphones levde inte heller upp till prognosen, trots att perioden inber\u00e4knar ungef\u00e4r tv\u00e5 veckors f\u00f6rs\u00e4ljning av den senaste modellen. <a href=\"https:\/\/www.expressen.se\/tagg\/organization\/apple\/\" class=\"\" rel=\"nofollow noopener\" target=\"_blank\">Apple<\/a> s\u00e5lde telefoner f\u00f6r 49,0 miljarder dollar, snittprognosen l\u00e5g p\u00e5 50,2 miljarder dollar.<\/p>\n<p>Apples vd Tim Cook uppger d\u00e4remot i ett pressmeddelande att f\u00f6rs\u00e4ljningen ser ut att g\u00e5 starkt fram\u00e5t i det p\u00e5g\u00e5ende kvartalet.<\/p>\n<p>Bolagets aktie f\u00f6ll initialt i efterhandeln p\u00e5 New York-b\u00f6rsen, men v\u00e4nde och handlas en halvtimme senare upp n\u00e4stan 4 procent.<\/p>\n","protected":false},"excerpt":{"rendered":"Publicerad 31 okt 2025 kl 08.12 Teknikj\u00e4tten Apple \u00f6vertr\u00e4ffade m\u00e5nga av f\u00f6rv\u00e4ntningarna det senaste kvartalet. Men f\u00f6rs\u00e4ljningen i&hellip;\n","protected":false},"author":2,"featured_media":69546,"comment_status":"","ping_status":"","sticky":false,"template":"","format":"standard","meta":{"footnotes":""},"categories":[65],"tags":[72,70,71,972,3082,34,1260,31,33,32,30],"class_list":{"0":"post-69545","1":"post","2":"type-post","3":"status-publish","4":"format-standard","5":"has-post-thumbnail","7":"category-ekonomi","8":"tag-business","9":"tag-economy","10":"tag-ekonomi","11":"tag-location-kina","12":"tag-organization-apple","13":"tag-se","14":"tag-sections-aktierochbors","15":"tag-svenska","16":"tag-sverige","17":"tag-sweden","18":"tag-swedish"},"share_on_mastodon":{"url":"https:\/\/pubeurope.com\/@se\/115473910569951669","error":""},"_links":{"self":[{"href":"https:\/\/www.europesays.com\/se\/wp-json\/wp\/v2\/posts\/69545","targetHints":{"allow":["GET"]}}],"collection":[{"href":"https:\/\/www.europesays.com\/se\/wp-json\/wp\/v2\/posts"}],"about":[{"href":"https:\/\/www.europesays.com\/se\/wp-json\/wp\/v2\/types\/post"}],"author":[{"embeddable":true,"href":"https:\/\/www.europesays.com\/se\/wp-json\/wp\/v2\/users\/2"}],"replies":[{"embeddable":true,"href":"https:\/\/www.europesays.com\/se\/wp-json\/wp\/v2\/comments?post=69545"}],"version-history":[{"count":0,"href":"https:\/\/www.europesays.com\/se\/wp-json\/wp\/v2\/posts\/69545\/revisions"}],"wp:featuredmedia":[{"embeddable":true,"href":"https:\/\/www.europesays.com\/se\/wp-json\/wp\/v2\/media\/69546"}],"wp:attachment":[{"href":"https:\/\/www.europesays.com\/se\/wp-json\/wp\/v2\/media?parent=69545"}],"wp:term":[{"taxonomy":"category","embeddable":true,"href":"https:\/\/www.europesays.com\/se\/wp-json\/wp\/v2\/categories?post=69545"},{"taxonomy":"post_tag","embeddable":true,"href":"https:\/\/www.europesays.com\/se\/wp-json\/wp\/v2\/tags?post=69545"}],"curies":[{"name":"wp","href":"https:\/\/api.w.org\/{rel}","templated":true}]}}