{"id":69603,"date":"2025-11-01T12:20:37","date_gmt":"2025-11-01T12:20:37","guid":{"rendered":"https:\/\/www.europesays.com\/se\/69603\/"},"modified":"2025-11-01T12:20:37","modified_gmt":"2025-11-01T12:20:37","slug":"jacob-bergstrom-river-studion-med-pungskamt-i-carina-bergfeldt-allsvenskan","status":"publish","type":"post","link":"https:\/\/www.europesays.com\/se\/69603\/","title":{"rendered":"Jacob Bergstr\u00f6m river studion med pungsk\u00e4mt i \u201dCarina Bergfeldt\u201d | Allsvenskan"},"content":{"rendered":"<p>Publicerad 30 okt 2025 kl 13.34Uppdaterad kl 15.45<\/p>\n<p>Vad har Jacob Bergstr\u00f6m som inte Kylian Mbapp\u00e9 har?<\/p>\n<p>H\u00e4ngpung och potensproblem.<\/p>\n<p>\u2013 Jag ska kl\u00e4mma lite, s\u00e5 f\u00e5r vi se, s\u00e4ger Mj\u00e4llby-hj\u00e4lten i \u201dCarina Bergfeldt\u201d.<\/p>\n<p><img loading=\"lazy\"   alt=\"\"\/><\/p>\n<p>Mj\u00e4llbys guldhj\u00e4lte Jacob Bergstr\u00f6m g\u00e4star \u201dBergfeldt\u201d.<\/p>\n<p>Foto: SVT.<\/p>\n<p>\u00d6ppna bild i helsk\u00e4rm<img loading=\"lazy\"   alt=\"\"\/><\/p>\n<p>Komikern Henrik Dorsin brister ut i skratt \u00f6ver Bergstr\u00f6ms sk\u00e4mt.<\/p>\n<p>Foto: SVT.<\/p>\n<p>\u00d6ppna bild i helsk\u00e4rm<img loading=\"lazy\"   alt=\"\"\/><\/p>\n<p>Han kan inte sluta skratta.<\/p>\n<p>Foto: SVT.<\/p>\n<p>\u00d6ppna bild i helsk\u00e4rm<img loading=\"lazy\"   alt=\"\"\/><\/p>\n<p>\u00c4ven programledaren Carina Bergfeldt skrattar hysteriskt.<\/p>\n<p>Foto: SVT.<\/p>\n<p>\u00d6ppna bild i helsk\u00e4rm<\/p>\n<p>Mj\u00e4llby-anfallaren Jacob Bergstr\u00f6m, 30, medverkar i fredagskv\u00e4llens \u201d<a href=\"https:\/\/www.expressen.se\/tagg\/person\/carina-bergfeldt\/\" class=\"\" rel=\"nofollow noopener\" target=\"_blank\">Carina Bergfeldt<\/a>\u201d med anledning av listerl\u00e4ndarnas sensationella allsvenska guld.<\/p>\n<p>Under inspelningen rev han ner ett g\u00e4ng ordentliga skratt framf\u00f6r bland andra Zara Larsson, Henrik Dorsin och programledaren Carina Bergfeldt.<\/p>\n<p>Guldhj\u00e4lten fick fr\u00e5gan om hur han st\u00e5r sig gentemot Real Madrid-stj\u00e4rnan Kylian Mbapp\u00e9:<\/p>\n<p>\u2013 N\u00e4r man vinner allsvenskan s\u00e5 f\u00e5r man ju kvala i Europa. Vad har du som inte Mbapp\u00e9 har? fr\u00e5gade Bergfeldt.<\/p>\n<p>Bergstr\u00f6m tog sig d\u00e5 en funderare&#8230; innan han kom fram till hur han utm\u00e4rker sig fr\u00e5n den franska superstj\u00e4rnan.<\/p>\n<p>\u2013 Ja\u2026 Jag t\u00e4nkte s\u00e4ga h\u00e4ngpung&#8230; Det \u00e4r v\u00e4l det, s\u00e4ger Bergstr\u00f6m.<\/p>\n<p><img loading=\"lazy\"   alt=\"\"\/><\/p>\n<p>Jacob Bergstr\u00f6m med guldhatt p\u00e5 Gamla Ullevi.<\/p>\n<p>Foto: MICHAEL ERICHSEN \/ BILDBYR\u00c5N<\/p>\n<p>\u00d6ppna bild i helsk\u00e4rmRiver studion med potensproblemen<\/p>\n<p>Svaret f\u00e5r samtliga i studion att vrida sig av skratt. Och det brister \u00e4nnu mer n\u00e4r 30-\u00e5ringen kommer p\u00e5 ytterligare en X-faktor:<\/p>\n<p>\u2013 Potensproblem kanske. Jag vet inte hur det ser ut med Mbapp\u00e9, s\u00e4ger han.<\/p>\n<p>Carina Bergfeldt f\u00e5r, efter skrattattacken, till slut ur sig en replik.<\/p>\n<p>\u2013 Vi f\u00e5r alla undra, helt enkelt, s\u00e4ger programledaren.<\/p>\n<p>\u2013 Ja, vi f\u00e5r unders\u00f6ka den saken, svarar Bergstr\u00f6m och forts\u00e4tter:<\/p>\n<p>\u2013 Jag ska kl\u00e4mma lite, s\u00e5 f\u00e5r vi se.<\/p>\n<p>Programmet s\u00e4nds fredag kv\u00e4ll kl. 21.00 i SVT1.<\/p>\n","protected":false},"excerpt":{"rendered":"Publicerad 30 okt 2025 kl 13.34Uppdaterad kl 15.45 Vad har Jacob Bergstr\u00f6m som inte Kylian Mbapp\u00e9 har? H\u00e4ngpung&hellip;\n","protected":false},"author":2,"featured_media":69604,"comment_status":"","ping_status":"","sticky":false,"template":"","format":"standard","meta":{"footnotes":""},"categories":[67],"tags":[104,240,5408,34,130,129,31,33,32,30,105],"class_list":{"0":"post-69603","1":"post","2":"type-post","3":"status-publish","4":"format-standard","5":"has-post-thumbnail","7":"category-underhallning","8":"tag-entertainment","9":"tag-organization-mjallby-aif","10":"tag-person-carina-bergfeldt","11":"tag-se","12":"tag-sections-allsvenskan","13":"tag-sections-fotboll","14":"tag-svenska","15":"tag-sverige","16":"tag-sweden","17":"tag-swedish","18":"tag-underhallning"},"share_on_mastodon":{"url":"https:\/\/pubeurope.com\/@se\/115474413849184889","error":""},"_links":{"self":[{"href":"https:\/\/www.europesays.com\/se\/wp-json\/wp\/v2\/posts\/69603","targetHints":{"allow":["GET"]}}],"collection":[{"href":"https:\/\/www.europesays.com\/se\/wp-json\/wp\/v2\/posts"}],"about":[{"href":"https:\/\/www.europesays.com\/se\/wp-json\/wp\/v2\/types\/post"}],"author":[{"embeddable":true,"href":"https:\/\/www.europesays.com\/se\/wp-json\/wp\/v2\/users\/2"}],"replies":[{"embeddable":true,"href":"https:\/\/www.europesays.com\/se\/wp-json\/wp\/v2\/comments?post=69603"}],"version-history":[{"count":0,"href":"https:\/\/www.europesays.com\/se\/wp-json\/wp\/v2\/posts\/69603\/revisions"}],"wp:featuredmedia":[{"embeddable":true,"href":"https:\/\/www.europesays.com\/se\/wp-json\/wp\/v2\/media\/69604"}],"wp:attachment":[{"href":"https:\/\/www.europesays.com\/se\/wp-json\/wp\/v2\/media?parent=69603"}],"wp:term":[{"taxonomy":"category","embeddable":true,"href":"https:\/\/www.europesays.com\/se\/wp-json\/wp\/v2\/categories?post=69603"},{"taxonomy":"post_tag","embeddable":true,"href":"https:\/\/www.europesays.com\/se\/wp-json\/wp\/v2\/tags?post=69603"}],"curies":[{"name":"wp","href":"https:\/\/api.w.org\/{rel}","templated":true}]}}