{"id":70642,"date":"2025-11-02T20:34:31","date_gmt":"2025-11-02T20:34:31","guid":{"rendered":"https:\/\/www.europesays.com\/se\/70642\/"},"modified":"2025-11-02T20:34:31","modified_gmt":"2025-11-02T20:34:31","slug":"mohamssons-kampanj-sagas-av-pr-experten","status":"publish","type":"post","link":"https:\/\/www.europesays.com\/se\/70642\/","title":{"rendered":"Mohamssons kampanj s\u00e5gas av pr-experten"},"content":{"rendered":"<p><a data-test-tag=\"internal-link\" href=\"https:\/\/www.aftonbladet.se\/av\/albin-almqvist\" class=\"hyperion-css-13ns1rr\" rel=\"nofollow noopener\" target=\"\" aria-label=\"Se alla artiklar av Albin Almqvist\"><img decoding=\"async\" class=\"image-asset hyperion-css-n6kkq1\" data-test-tag=\"image-asset\" src=\"https:\/\/www.europesays.com\/se\/wp-content\/uploads\/2025\/11\/1762115669_524_a6ce5bb6-c605-4745-9ae0-580a508a5022\"  alt=\"\"  loading=\"lazy\" fetchpriority=\"auto\" style=\"aspect-ratio:1900 \/ 1900\"\/><\/a><\/p>\n<p class=\"boxtextgrotesk-root_baa6 hyperion-css-7pajle\">Uppdaterad 18.43 | Publicerad 15.09<\/p>\n<p>share-arrowDela<\/p>\n<p>unsaveSpara<\/p>\n<p>expand-left<\/p>\n<p>helsk\u00e4rm<img decoding=\"async\" class=\"image-asset hyperion-css-u06ts1\" data-test-tag=\"image-asset\" src=\"https:\/\/www.europesays.com\/se\/wp-content\/uploads\/2025\/11\/e50a463a-7218-443d-b545-944cd8bcdf6d\"  alt=\"Simona Mohamsson, L. \"  loading=\"eager\" fetchpriority=\"high\" style=\"aspect-ratio:1900 \/ 1267\"\/>Simona Mohamsson, L. Foto: Carolina Byrmo<\/p>\n<p class=\"hyperion-css-1shl3oz\" data-test-tag=\"lead-text\">Simona&#8230;<\/p>\n<p class=\"hyperion-css-1shl3oz\" data-test-tag=\"lead-text\">Skolsson.<\/p>\n<p class=\"hyperion-css-1shl3oz\" data-test-tag=\"lead-text\">Mobilf\u00f6rbudsson.<\/p>\n<p class=\"hyperion-css-1shl3oz\" data-test-tag=\"lead-text\">Kn\u00e4ckg\u00e4ngensson. <\/p>\n<p class=\"hyperion-css-1shl3oz\" data-test-tag=\"lead-text\">Det \u00e4r n\u00e5gra av Liberalernas partiledares nya namn i senaste kampanjen \u201dD\u00e4rf\u00f6r Mohamsson\u201d. <\/p>\n<p class=\"hyperion-css-1v9qo5x\"><a data-test-tag=\"internal-link\" href=\"https:\/\/www.aftonbladet.se\/tagg\/liberalerna\" class=\"hyperion-css-15jkft9\" rel=\"nofollow noopener\" target=\"\" aria-label=\"Liberalerna\">Liberalerna<\/a> ligger p\u00e5 blodr\u00f6da siffror i opinionsm\u00e4tningarna, mindre \u00e4n ett \u00e5r till riksdagsvalet. <\/p>\n<p class=\"hyperion-css-1v9qo5x\">Partiledare <a data-test-tag=\"internal-link\" href=\"https:\/\/www.aftonbladet.se\/tagg\/simona-mohamsson\" class=\"hyperion-css-15jkft9\" rel=\"nofollow noopener\" target=\"\" aria-label=\"Simona Mohamsson\">Simona Mohamsson<\/a> har ocks\u00e5 f\u00e5tt k\u00e4mpa med f\u00f6rtroendet fr\u00e5n folket. Efter utspelet om att Liberalerna v\u00e4grar sitta i en regering med SD visade en <a data-test-tag=\"internal-link\" href=\"https:\/\/www.aftonbladet.se\/nyheter\/kolumnister\/a\/3MlVqX\/mohamsson-rasar-i-fortroende-efter-besked-om-sd\" class=\"hyperion-css-15jkft9\" rel=\"nofollow noopener\" target=\"\" aria-label=\"m\u00e4tning fr\u00e5n Demoskop\">m\u00e4tning fr\u00e5n Demoskop<\/a> att bara nio procent av svenskarna har ganska eller mycket stort f\u00f6rtroende f\u00f6r Mohamsson.<\/p>\n<p class=\"hyperion-css-1v9qo5x\">Under s\u00f6ndagen kom n\u00e4sta sm\u00e4ll. <a aria-label=\"Indikator Opinion\" class=\"default hyperion-css-15jkft9\" href=\"https:\/\/www.sverigesradio.se\/artikel\/mohamsson-i-botten-av-fortroendematningen-dadgostar-tappar\" rel=\"noopener nofollow noreferrer\" data-test-tag=\"external-link\" target=\"_blank\">Indikator Opinion<\/a> visar att en tredjedel av de tillfr\u00e5gade inte vet vem hon \u00e4r.<\/p>\n<p class=\"hyperion-css-1v9qo5x\">Nu g\u00f6r partiet ett f\u00f6rs\u00f6k att bygga sin partiledare inf\u00f6r valkampanjandet. <\/p>\n<p>expand-left<\/p>\n<p>helsk\u00e4rm<img decoding=\"async\" class=\"image-asset hyperion-css-u06ts1\" data-test-tag=\"image-asset\" src=\"https:\/\/www.europesays.com\/se\/wp-content\/uploads\/2025\/11\/a5e1dc36-4db1-48c3-8d9d-cf54dc658b2e\"  alt=\"Den nya kampanjen.\"  loading=\"eager\" fetchpriority=\"high\" style=\"aspect-ratio:1196 \/ 567\"\/>Den nya kampanjen. Foto: Sk\u00e4rmdump Fr\u00e5n Liberalernas Hemsida. <\/p>\n<p class=\"hyperion-css-1v9qo5x\">I den nya kampanjen \u201dD\u00e4rf\u00f6r Mohamsson\u201d f\u00e5r partiledaren en hel rad nya namn.<\/p>\n<p class=\"hyperion-css-1v9qo5x\">Kn\u00e4ckg\u00e4ngensson, M\u00f6jlighetsson, Integrationsson och Ordningsson \u00e4r n\u00e5gra av dem. <\/p>\n<p class=\"hyperion-css-1v9qo5x\">Hon f\u00f6rklarar namnbytena med att Mohamsson f\u00f6r henne blivit mer \u00e4n ett efternamn. Det har blivit en symbol f\u00f6r att \u201danstr\u00e4nga sig och se m\u00f6jligheter\u201d.<\/p>\n<p class=\"hyperion-css-1v9qo5x\">\u201dN\u00e4r min familj kom till Sverige bytte min pappa v\u00e5rt efternamn. Fr\u00e5n Mohammed till Mohamsson, f\u00f6r att vi nu blivit en del av Sverige. Mohamsson \u00e4r mer \u00e4n ett efternamn f\u00f6r mig. Det st\u00e5r f\u00f6r att anstr\u00e4nga sig och se m\u00f6jligheter\u201d, skriver Mohamsson i ett pressmeddelande.<\/p>\n<p>expand-left<\/p>\n<p>helsk\u00e4rm<img decoding=\"async\" class=\"image-asset hyperion-css-u06ts1\" data-test-tag=\"image-asset\" src=\"https:\/\/www.europesays.com\/se\/wp-content\/uploads\/2025\/11\/38aa2cc6-e02e-40fd-8b16-e4faee566102\"  alt=\"Paul Ronge.\"  loading=\"eager\" fetchpriority=\"high\" style=\"aspect-ratio:1900 \/ 1303\"\/>Paul Ronge. Foto: Peter Knutson<\/p>\n<p class=\"hyperion-css-1v9qo5x\">PR-experten <a data-test-tag=\"internal-link\" href=\"https:\/\/www.aftonbladet.se\/tagg\/paul-ronge\" class=\"hyperion-css-15jkft9\" rel=\"nofollow noopener\" target=\"\" aria-label=\"Paul Ronge\">Paul Ronge<\/a> menar att kampanjen kommer ur desperation och han \u00e4r tveksam till att det h\u00e4r kommer att hj\u00e4lpa Liberalerna \u00f6ver riksdagssp\u00e4rren.<\/p>\n<p class=\"hyperion-css-1v9qo5x\">\u2013 Jag kan f\u00f6rst\u00e5 att man g\u00f6r detta. Det \u00e4r ju panik i l\u00e4gret just nu. Men det funkar s\u00e4llan att f\u00f6rs\u00f6ka fokusera p\u00e5 politiker i st\u00e4llet f\u00f6r politiken. Sj\u00e4lva kampanjen blir lite sorglig, man ska inte beh\u00f6va ber\u00e4tta att man \u00e4r partiledare.<\/p>\n<p class=\"hyperion-css-1v9qo5x\">Ronge s\u00e4ger att tankarna g\u00e5r till kampanjen d\u00e4r Centerpartiet skulle bygga sin partiledare Lennart Dal\u00e9us, p\u00e5 kort tid, inf\u00f6r riksdagsvalet 1998.<\/p>\n<p class=\"hyperion-css-1v9qo5x\">Den kallades \u201dDet h\u00e4r \u00e4r Lennart\u201d.<\/p>\n<p class=\"hyperion-css-1v9qo5x\">\u2013 Det fungerade inte alls. De f\u00f6rlorade nio mandat och Lennart Dal\u00e9us blev inte s\u00e4rskilt l\u00e5ngvarig som partiledare. De lyckades inte riktigt f\u00e5 in honom i folks medvetande. <\/p>\n<p class=\"hyperion-css-1v9qo5x\">\u2013 Jag tror att den h\u00e4r kampanjen fungerar lika lite som det gjorde f\u00f6r Lennart Dal\u00e9us n\u00e4r det begav sig, forts\u00e4tter Ronge.<\/p>\n<p>expand-left<\/p>\n<p>helsk\u00e4rm<img decoding=\"async\" class=\"image-asset hyperion-css-u06ts1\" data-test-tag=\"image-asset\" src=\"https:\/\/www.europesays.com\/se\/wp-content\/uploads\/2025\/11\/f2e90c84-c22b-4d69-9fa2-5efca2030db3\"  alt=\"C-kampanjen fr\u00e5n 1998 blev inte s\u00e5 lyckad, enligt Paul Ronge. \"  loading=\"eager\" fetchpriority=\"high\" style=\"aspect-ratio:1900 \/ 1297\"\/>C-kampanjen fr\u00e5n 1998 blev inte s\u00e5 lyckad, enligt Paul Ronge. Foto: Bj\u00f6rn Elgstrand <\/p>\n<p class=\"hyperion-css-1v9qo5x\">PR-experten trycker p\u00e5 att man man inte har s\u00e5 m\u00e5nga alternativ i Liberalerna just nu. Partiet har redan testat \u201dpopcornstrategin\u201d att komma med m\u00e5nga utspel p\u00e5 kort tid. Nu g\u00e4ller det att chansa.<\/p>\n<p class=\"hyperion-css-1v9qo5x\">\u2013 Jag tror inte att det h\u00e4r skadar p\u00e5 n\u00e5got s\u00e4tt heller. Visar det sig pl\u00f6tsligt vara en succ\u00e9 s\u00e5 var det f\u00f6rst\u00e5s v\u00e4rt det.<\/p>\n<p class=\"hyperion-css-1v9qo5x\"><strong>Du tror inte att hon kommer bli k\u00e4nd som Kn\u00e4ckg\u00e4ngensson i folkmun fram\u00f6ver?<\/strong><\/p>\n<p class=\"hyperion-css-1v9qo5x\">\u2013 Jag tror inte alls det. F\u00f6r att kn\u00e4cka g\u00e4ng beh\u00f6vs ju muskler och ingen kan anklaga Moderaterna och Sverigedemokraterna, exempelvis, f\u00f6r att sakna muskler p\u00e5 den fronten. Det h\u00e4r f\u00f6rklarar inte varf\u00f6r man ska r\u00f6sta p\u00e5 Mohamsson.<\/p>\n<p class=\"hyperion-css-1v9qo5x\">\u2013 Det ger n\u00e4stan mer fokus p\u00e5 spinkigheten i partiet, l\u00e4gger Paul Ronge till. <\/p>\n<p>expand-left<\/p>\n<p>helsk\u00e4rm<img decoding=\"async\" class=\"image-asset hyperion-css-u06ts1\" data-test-tag=\"image-asset\" src=\"https:\/\/www.europesays.com\/se\/wp-content\/uploads\/2025\/11\/c4117166-1773-45f8-9b8a-5750024af1a3\"  alt=\"Lars Leijonborg med anh\u00e4ngare efter en partiledardebatt 2002.\"  loading=\"eager\" fetchpriority=\"high\" style=\"aspect-ratio:1900 \/ 1271\"\/>Lars Leijonborg med anh\u00e4ngare efter en partiledardebatt 2002. Foto: Lasse AllardPositiva exemplet: \u201dLejonkungen\u201d<\/p>\n<p class=\"hyperion-css-1v9qo5x\">Men det finns positiva exempel p\u00e5 personkampanjer. Inom Mohamssons egna parti, till och med. Partiledaren Lars Leijonborg fick smeknamnet \u201dLejonkungen\u201d under valspurten 2002. \u00c4ven d\u00e5 hade partiet ett d\u00e5ligt utg\u00e5ngsl\u00e4ge, men gjorde en succ\u00e9artat comeback.<\/p>\n<p class=\"hyperion-css-1v9qo5x\">\u2013 Smeknamnet tog ju faktiskt f\u00e4ste och blev en positiv skjuts. Han backade upp det med sitt s\u00e4tt att vara ocks\u00e5. Att han var n\u00e5gon som \u201dr\u00f6t ifr\u00e5n\u201d som en lejonkung, s\u00e4ger Paul Ronge.<\/p>\n","protected":false},"excerpt":{"rendered":"Uppdaterad 18.43 | Publicerad 15.09 share-arrowDela unsaveSpara expand-left helsk\u00e4rmSimona Mohamsson, L. Foto: Carolina Byrmo Simona&#8230; Skolsson. Mobilf\u00f6rbudsson. Kn\u00e4ckg\u00e4ngensson.&hellip;\n","protected":false},"author":2,"featured_media":70643,"comment_status":"","ping_status":"","sticky":false,"template":"","format":"standard","meta":{"footnotes":""},"categories":[5],"tags":[22,23,26,27,17,21,24,25,28,29,15,16,18,34,31,33,32,30,19,20],"class_list":{"0":"post-70642","1":"post","2":"type-post","3":"status-publish","4":"format-standard","5":"has-post-thumbnail","7":"category-rubriker","8":"tag-breaking-news","9":"tag-breakingnews","10":"tag-featured-news","11":"tag-featurednews","12":"tag-headlines","13":"tag-huvudnyheter","14":"tag-latest-news","15":"tag-latestnews","16":"tag-main-news","17":"tag-mainnews","18":"tag-news","19":"tag-nyheter","20":"tag-rubriker","21":"tag-se","22":"tag-svenska","23":"tag-sverige","24":"tag-sweden","25":"tag-swedish","26":"tag-top-stories","27":"tag-topstories"},"share_on_mastodon":{"url":"https:\/\/pubeurope.com\/@se\/115482018806549587","error":""},"_links":{"self":[{"href":"https:\/\/www.europesays.com\/se\/wp-json\/wp\/v2\/posts\/70642","targetHints":{"allow":["GET"]}}],"collection":[{"href":"https:\/\/www.europesays.com\/se\/wp-json\/wp\/v2\/posts"}],"about":[{"href":"https:\/\/www.europesays.com\/se\/wp-json\/wp\/v2\/types\/post"}],"author":[{"embeddable":true,"href":"https:\/\/www.europesays.com\/se\/wp-json\/wp\/v2\/users\/2"}],"replies":[{"embeddable":true,"href":"https:\/\/www.europesays.com\/se\/wp-json\/wp\/v2\/comments?post=70642"}],"version-history":[{"count":0,"href":"https:\/\/www.europesays.com\/se\/wp-json\/wp\/v2\/posts\/70642\/revisions"}],"wp:featuredmedia":[{"embeddable":true,"href":"https:\/\/www.europesays.com\/se\/wp-json\/wp\/v2\/media\/70643"}],"wp:attachment":[{"href":"https:\/\/www.europesays.com\/se\/wp-json\/wp\/v2\/media?parent=70642"}],"wp:term":[{"taxonomy":"category","embeddable":true,"href":"https:\/\/www.europesays.com\/se\/wp-json\/wp\/v2\/categories?post=70642"},{"taxonomy":"post_tag","embeddable":true,"href":"https:\/\/www.europesays.com\/se\/wp-json\/wp\/v2\/tags?post=70642"}],"curies":[{"name":"wp","href":"https:\/\/api.w.org\/{rel}","templated":true}]}}