{"id":70659,"date":"2025-11-02T21:31:35","date_gmt":"2025-11-02T21:31:35","guid":{"rendered":"https:\/\/www.europesays.com\/se\/70659\/"},"modified":"2025-11-02T21:31:35","modified_gmt":"2025-11-02T21:31:35","slug":"har-blir-timothy-liljegren-skadad-i-baset","status":"publish","type":"post","link":"https:\/\/www.europesays.com\/se\/70659\/","title":{"rendered":"H\u00e4r blir Timothy Liljegren skadad \u2013 i b\u00e5set"},"content":{"rendered":"<p><strong>Timothy Liljegren l\u00e4mnade San Jose Sharks m\u00f6te med Colorado Avalanche skadad. Men skadan intr\u00e4ffade inte n\u00e4r han var p\u00e5 isen \u2013 utan n\u00e4r han satt i b\u00e5set.<\/strong><\/p>\n<p><img loading=\"lazy\" decoding=\"async\" width=\"1024\" height=\"658\" src=\"https:\/\/www.europesays.com\/se\/wp-content\/uploads\/2025\/11\/Timothy-Liljegren-skada-1024x658.webp.webp\" alt=\"\" class=\"wp-image-321278\"  \/>Timothy Liljegren drabbades av en ot\u00e4ck skada i natt. <strong>Foto:<\/strong> AP Photo\/Ellen Schmidt<\/p>\n<p>Det var bara minuter kvar av den f\u00f6rsta perioden i SAP Center i <a href=\"https:\/\/hockeysverige.se\/klubb\/san-jose-sharks\/\" rel=\"nofollow noopener\" target=\"_blank\">San Jose<\/a> n\u00e4r hemmalagets svenske back <a href=\"https:\/\/hockeysverige.se\/spelare\/timothy-liljegren\/\" rel=\"nofollow noopener\" target=\"_blank\">Timothy Liljegren<\/a> hade rej\u00e4l otur. Ett passningsf\u00f6rs\u00f6k fr\u00e5n <a href=\"https:\/\/hockeysverige.se\/klubb\/colorado-avalanche\/\" rel=\"nofollow noopener\" target=\"_blank\">Colorado<\/a>s center <a href=\"https:\/\/hockeysverige.se\/spelare\/nathan-mackinnon\/\" rel=\"nofollow noopener\" target=\"_blank\">Nathan MacKinnon <\/a>styrdes ut i b\u00e5set via <a href=\"https:\/\/hockeysverige.se\/spelare\/alexander-wennberg\/\" rel=\"nofollow noopener\" target=\"_blank\">Alexander Wennberg<\/a>s klubba. D\u00e4r tr\u00e4ffade den Liljegren i trakten runt halsen och 26-\u00e5ringen vek sig dubbel av sm\u00e4rta.<\/p>\n<p>Han tvingades avbryta matchen efter den ot\u00e4cka situationen, men coachen Ryan Warsofsky gav en n\u00e5gorlunda positiv uppdatering p\u00e5 presskonferensen efter matchen.<\/p>\n<p>\u2013 Vi tror att han kommer att vara okej, s\u00e4ger han <a href=\"https:\/\/x.com\/Sheng_Peng\/status\/1984765438639653095\" rel=\"nofollow\">enligt San Jose Hockey Nows Sheng Peng<\/a>. <br \/>\u2013 Vi ska f\u00e5 en uppdatering\u2026 Han utv\u00e4rderas fortfarande.<\/p>\n<p>Se video p\u00e5 incidenten i spelaren.<\/p>\n<p>Cale Makars lillebror NHL-debuterade<\/p>\n<p>Liljegren, som g\u00f6r sin andra s\u00e4song med Sharks efter att ha trejdats dit av <a href=\"https:\/\/hockeysverige.se\/klubb\/toronto-maple-leafs\/\" rel=\"nofollow noopener\" target=\"_blank\">Toronto Maple Leafs<\/a> i fjol, har redan missat tre matcher p\u00e5 grund av skada den h\u00e4r s\u00e4songen. P\u00e5 nio matcher med Sharks har han tre assist.<\/p>\n<p>San Jose lyckades vinna matchen med 3\u20132 efter f\u00f6rl\u00e4ngning sedan Alexander Wennberg spelat fram schweizaren Philipp Kurashev till \u00f6vertidsm\u00e5let som avgjorde tillst\u00e4llningen. <a href=\"https:\/\/hockeysverige.se\/spelare\/john-klingberg\/\" rel=\"nofollow noopener\" target=\"_blank\">John Klingberg<\/a> hade ocks\u00e5 en assist f\u00f6r Sharks, som har vunnit tre av sina fyra senaste matcher.<\/p>\n<p>Notabelt \u00e4r att Colorados superstj\u00e4rna till back <a href=\"https:\/\/hockeysverige.se\/spelare\/cale-makar\/\" rel=\"nofollow noopener\" target=\"_blank\">Cale Makar<\/a> fick s\u00e4llskap av sin lillebror Taylor, som NHL-debuterade i matchen. 24-\u00e5rige Taylor Makar, som tillskillnad fr\u00e5n sin bror \u00e4r forward, skrev p\u00e5 f\u00f6r Avalanche som free agent efter att ha avslutat en framg\u00e5ngsrik colleges\u00e4song med University of Maine i slutet av mars. Fram tills nu har kanadensaren enbart spelat f\u00f6r Colorado Eagles i AHL. I debuten fick han drygt sex minuters istid.<\/p>\n<p><strong>San Jose\u2013Colorado 3\u20132 (1\u20131, 1\u20131, 0\u20130, 1\u20130)<\/strong><br \/><strong>F\u00f6rsta perioden:<\/strong>\u00a00\u20131 (0.30) Martin Necas (Cale Makar, Devon Toews), 1\u20131 (18.21) Macklin Celebrini (Tyler Toffoli, Shakir Mukhamadullin).<br \/><strong>Andra perioden:<\/strong>\u00a02\u20131 (24.07) Philipp Kurashev (Ty Dellandrea,\u00a0John Klingberg), 2\u20132 (29.10) Nathan MacKinnon (Artturi Lehkonen, Valerij Nitjusjkin).<br \/><strong>F\u00f6rl\u00e4ngning:<\/strong>\u00a03\u20132 (61.48) Philipp Kurashev (Alexander Wennberg).<\/p>\n<p> Source: <a href=\"https:\/\/www.eliteprospects.com\/player\/351159\/taylor-makar\" target=\"_blank\" rel=\"noopener noreferrer nofollow\">Taylor Makar<\/a> @ Elite Prospects<\/p>\n","protected":false},"excerpt":{"rendered":"Timothy Liljegren l\u00e4mnade San Jose Sharks m\u00f6te med Colorado Avalanche skadad. Men skadan intr\u00e4ffade inte n\u00e4r han var&hellip;\n","protected":false},"author":2,"featured_media":70660,"comment_status":"","ping_status":"","sticky":false,"template":"","format":"standard","meta":{"footnotes":""},"categories":[5],"tags":[22,23,26,27,17,21,24,25,28,29,15,247,16,18,34,133,31,33,32,30,19,20],"class_list":{"0":"post-70659","1":"post","2":"type-post","3":"status-publish","4":"format-standard","5":"has-post-thumbnail","7":"category-rubriker","8":"tag-breaking-news","9":"tag-breakingnews","10":"tag-featured-news","11":"tag-featurednews","12":"tag-headlines","13":"tag-huvudnyheter","14":"tag-latest-news","15":"tag-latestnews","16":"tag-main-news","17":"tag-mainnews","18":"tag-news","19":"tag-nhl","20":"tag-nyheter","21":"tag-rubriker","22":"tag-se","23":"tag-second-news","24":"tag-svenska","25":"tag-sverige","26":"tag-sweden","27":"tag-swedish","28":"tag-top-stories","29":"tag-topstories"},"share_on_mastodon":{"url":"https:\/\/pubeurope.com\/@se\/115482242932661252","error":""},"_links":{"self":[{"href":"https:\/\/www.europesays.com\/se\/wp-json\/wp\/v2\/posts\/70659","targetHints":{"allow":["GET"]}}],"collection":[{"href":"https:\/\/www.europesays.com\/se\/wp-json\/wp\/v2\/posts"}],"about":[{"href":"https:\/\/www.europesays.com\/se\/wp-json\/wp\/v2\/types\/post"}],"author":[{"embeddable":true,"href":"https:\/\/www.europesays.com\/se\/wp-json\/wp\/v2\/users\/2"}],"replies":[{"embeddable":true,"href":"https:\/\/www.europesays.com\/se\/wp-json\/wp\/v2\/comments?post=70659"}],"version-history":[{"count":0,"href":"https:\/\/www.europesays.com\/se\/wp-json\/wp\/v2\/posts\/70659\/revisions"}],"wp:featuredmedia":[{"embeddable":true,"href":"https:\/\/www.europesays.com\/se\/wp-json\/wp\/v2\/media\/70660"}],"wp:attachment":[{"href":"https:\/\/www.europesays.com\/se\/wp-json\/wp\/v2\/media?parent=70659"}],"wp:term":[{"taxonomy":"category","embeddable":true,"href":"https:\/\/www.europesays.com\/se\/wp-json\/wp\/v2\/categories?post=70659"},{"taxonomy":"post_tag","embeddable":true,"href":"https:\/\/www.europesays.com\/se\/wp-json\/wp\/v2\/tags?post=70659"}],"curies":[{"name":"wp","href":"https:\/\/api.w.org\/{rel}","templated":true}]}}