{"id":70759,"date":"2025-11-03T03:24:10","date_gmt":"2025-11-03T03:24:10","guid":{"rendered":"https:\/\/www.europesays.com\/se\/70759\/"},"modified":"2025-11-03T03:24:10","modified_gmt":"2025-11-03T03:24:10","slug":"replik-vi-genomfor-den-storsta-bygglovsreformen-pa-15-ar","status":"publish","type":"post","link":"https:\/\/www.europesays.com\/se\/70759\/","title":{"rendered":"Replik: Vi genomf\u00f6r den st\u00f6rsta bygglovsreformen p\u00e5 15 \u00e5r"},"content":{"rendered":"<p>I en opinionsartikel i Altinget den 27 oktober kritiserar V\u00e4nsterpartiets bostadspolitiska talesperson Malcolm Momodou Jallow regeringen f\u00f6r att inte g\u00f6ra n\u00e5got p\u00e5 bostadsomr\u00e5det. Inget kunde f\u00f6rst\u00e5s vara mer fel.<\/p>\n<p>Det h\u00e4nder numera mycket mer inom bostadspolitiken \u00e4n under de tv\u00e5 f\u00f6reg\u00e5ende mandatperioderna.<\/p>\n<p>Den h\u00e4r regeringen tog \u00f6ver efter \u00e5tta \u00e5r av bostadspolitiska f\u00f6rsummelser. Samtidigt f\u00f6rs\u00e4mrades f\u00f6ruts\u00e4ttningarna f\u00f6r bostadsbyggande kraftigt 2022 och 2023 till f\u00f6ljd av utvecklingen i omv\u00e4rlden.<\/p>\n<p>Jag kan dock intyga att regeringen inte tar l\u00e5gkonjunkturen med ro.<\/p>\n<p>Hyresr\u00e4tter l\u00f6ser inte allt\u00a0<\/p>\n<p>D\u00e4remot \u00e4r v\u00e5r bostadspolitik givetvis en annan \u00e4n den som en v\u00e4nsterpartist\u00f6dd S-regering skulle ha bedrivit. Vi anser att statligt investeringsst\u00f6d till hyresbost\u00e4der inte \u00e4r r\u00e4tt v\u00e4g att g\u00e5, liksom att det inte fr\u00e4mst \u00e4r \u00e4nnu fler hyresr\u00e4tter som beh\u00f6ver byggas.<\/p>\n<p>Regeringen har st\u00e4rkt kommunernas bostadsf\u00f6rs\u00f6rjningsansvar och g\u00e5tt fram med f\u00f6rb\u00e4ttringar av modellen med presumtionshyra f\u00f6r att underl\u00e4tta f\u00f6r nyproduktion av hyresr\u00e4tter.<\/p>\n<p>Vi h\u00f6jer bostadsbidraget f\u00f6r ekonomiskt utsatta barnfamiljer med h\u00f6ga boendekostnader och vill g\u00f6ra det obligatoriskt f\u00f6r kommuner att under vissa f\u00f6ruts\u00e4ttningar tillhandah\u00e5lla hyresgarantier till barnfamiljer.<\/p>\n<p>Fler sm\u00e5hus ger b\u00e4ttre flyttkedjor<\/p>\n<p>Sju av tio hush\u00e5ll i Sverige vill bo i sm\u00e5hus. Vi arbetar f\u00f6r att fler ska f\u00e5 denna m\u00f6jlighet, bland annat genom en stimulans f\u00f6r detaljplanl\u00e4ggning av sm\u00e5hus, en egnahemskommission\u00e4r som verkar f\u00f6r fler sm\u00e5hus i nyproduktion samt ett uppdrag till Boverket att utreda ett system med typgodk\u00e4nda sm\u00e5hus, \u201dSverigehus\u201d, f\u00f6r att f\u00f6renkla byggprocessen.<\/p>\n<p>En \u00f6kad andel sm\u00e5hus ger b\u00e4ttre f\u00f6ruts\u00e4ttningar f\u00f6r naturliga flyttkedjor som frig\u00f6r hyresl\u00e4genheter. Det finns ingen mots\u00e4ttning mellan \u00e4ga och hyra i det verkliga livet. Det handlar oftast om att efterfr\u00e5gan p\u00e5 bostad skiftar genom livet.<\/p>\n<blockquote class=\"quote right\"><p>&#13;<\/p>\n<p>Olika bostadspolitiska syns\u00e4tt handlar i slut\u00e4ndan om olika s\u00e4tt att se p\u00e5 samh\u00e4llet, inte om att vara passiv eller aktiv<\/p>\n<p>&#13;<br \/>\n  <b\/>&#13;\n<\/p><\/blockquote>\n<p>Problemet i dag \u00e4r att det \u00e4r f\u00f6r f\u00e5 som kan uppfylla sina dr\u00f6mmar om att bo i sm\u00e5hus. N\u00e4r ett hush\u00e5ll vill flytta fr\u00e5n en hyresr\u00e4tt till sm\u00e5hus men inte kan, g\u00e5r inte bara en boendedr\u00f6m i kras. \u00c4ven den familj som vill bo i en hyresr\u00e4tt i befintligt best\u00e5nd, ofta till en betydligt l\u00e4gre hyra \u00e4n i nyproduktion, hindras n\u00e4r flyttkedjor inte fungerar.<\/p>\n<p>V\u00e4nstern faller p\u00e5 sin egen orimlighet<\/p>\n<p>Regeringen har g\u00e5tt in f\u00f6r att \u00e5tg\u00e4rda de strukturella hinder som pr\u00e4glar bostadsmarknaden, s\u00e5 att svensk bygg- och bostadsmarknad st\u00e5r b\u00e4ttre rustad n\u00e4r konjunkturen v\u00e4nder upp. Vi \u00e4r mitt uppe i en massiv f\u00f6renkling av reglerna kring bostadsbyggande.<\/p>\n<p>Den 1 december blir det l\u00e4ttare att bygga nytt, bygga till och bygga om n\u00e4r den st\u00f6rsta bygglovsreformen p\u00e5 15 \u00e5r genomf\u00f6rs.<\/p>\n<p>I st\u00e4llet f\u00f6r att r\u00f6sta f\u00f6r en uppskattad frihetsreform som g\u00f6r byggprocessen effektivare och billigare, \u00e4r v\u00e4nstern emot och riktar i samma andetag kritik mot regeringen f\u00f6r att inte g\u00f6ra n\u00e5got. Det \u00e4r ett resonemang som faller p\u00e5 sin egen orimlighet.<\/p>\n<p>V\u00e5rt f\u00f6renklingsarbete slutar inte d\u00e4r. Det \u00e4r exempelvis viktigt att tr\u00f6sklarna in p\u00e5 den \u00e4gda bostadsmarknaden s\u00e4nks.<\/p>\n<p>Vi har st\u00e4rkt hush\u00e5llens k\u00f6pkraft i v\u00e5ra budgetar och f\u00f6resl\u00e5r att bol\u00e5netaket h\u00f6js fr\u00e5n 85 till 90 procent och att det sk\u00e4rpta amorteringskravet slopas, n\u00e5got som kommer att vara av godo inte minst f\u00f6r unga och f\u00f6rstag\u00e5ngsk\u00f6pare.<\/p>\n<p>Olika bostadspolitiska syns\u00e4tt handlar i slut\u00e4ndan om olika s\u00e4tt att se p\u00e5 samh\u00e4llet, inte om att vara passiv eller aktiv. Det \u00e4r nog \u00e4ven Malcolm Momodou Jallow egentligen medveten om, med det \u00e4r naturligtvis enklare att p\u00e5st\u00e5 att motst\u00e5ndaren inget g\u00f6r \u2013 \u00e4ven om det inte alls st\u00e4mmer.<\/p>\n<p>L\u00e4s tidigare inl\u00e4gg i debatten<\/p>\n<p><a href=\"https:\/\/www.altinget.se\/bo\/artikel\/v-sveriges-bostadskris-kraver-politiskt-ansvar\" target=\"_blank\" rel=\"noopener nofollow\"><strong>V: Sveriges bostadskris kr\u00e4ver politiskt ansvar<\/strong><\/a><\/p>\n<p>Samtidigt som byggf\u00f6retag g\u00e5r i konkurs och hyrorna skenar st\u00e5r regeringen passiv. Bostadsministern h\u00e5ller sig undan n\u00e4r m\u00e4nniskor f\u00f6rlorar sina hem. V\u00e4nsterpartiet vill bryta krisen med en politik som s\u00e4tter m\u00e4nniskors behov f\u00f6re marknadens vinstintresse, skriver Malcolm Momodou Jallow, bostadspolitisk talesperson (V).<\/p>\n<p>\u00a0<\/p>\n","protected":false},"excerpt":{"rendered":"I en opinionsartikel i Altinget den 27 oktober kritiserar V\u00e4nsterpartiets bostadspolitiska talesperson Malcolm Momodou Jallow regeringen f\u00f6r att&hellip;\n","protected":false},"author":2,"featured_media":70760,"comment_status":"","ping_status":"","sticky":false,"template":"","format":"standard","meta":{"footnotes":""},"categories":[12],"tags":[22,23,26,27,17,21,24,25,28,29,15,16,18,34,31,33,32,30,19,20],"class_list":{"0":"post-70759","1":"post","2":"type-post","3":"status-publish","4":"format-standard","5":"has-post-thumbnail","7":"category-sverige","8":"tag-breaking-news","9":"tag-breakingnews","10":"tag-featured-news","11":"tag-featurednews","12":"tag-headlines","13":"tag-huvudnyheter","14":"tag-latest-news","15":"tag-latestnews","16":"tag-main-news","17":"tag-mainnews","18":"tag-news","19":"tag-nyheter","20":"tag-rubriker","21":"tag-se","22":"tag-svenska","23":"tag-sverige","24":"tag-sweden","25":"tag-swedish","26":"tag-top-stories","27":"tag-topstories"},"share_on_mastodon":{"url":"https:\/\/pubeurope.com\/@se\/115483630846589589","error":""},"_links":{"self":[{"href":"https:\/\/www.europesays.com\/se\/wp-json\/wp\/v2\/posts\/70759","targetHints":{"allow":["GET"]}}],"collection":[{"href":"https:\/\/www.europesays.com\/se\/wp-json\/wp\/v2\/posts"}],"about":[{"href":"https:\/\/www.europesays.com\/se\/wp-json\/wp\/v2\/types\/post"}],"author":[{"embeddable":true,"href":"https:\/\/www.europesays.com\/se\/wp-json\/wp\/v2\/users\/2"}],"replies":[{"embeddable":true,"href":"https:\/\/www.europesays.com\/se\/wp-json\/wp\/v2\/comments?post=70759"}],"version-history":[{"count":0,"href":"https:\/\/www.europesays.com\/se\/wp-json\/wp\/v2\/posts\/70759\/revisions"}],"wp:featuredmedia":[{"embeddable":true,"href":"https:\/\/www.europesays.com\/se\/wp-json\/wp\/v2\/media\/70760"}],"wp:attachment":[{"href":"https:\/\/www.europesays.com\/se\/wp-json\/wp\/v2\/media?parent=70759"}],"wp:term":[{"taxonomy":"category","embeddable":true,"href":"https:\/\/www.europesays.com\/se\/wp-json\/wp\/v2\/categories?post=70759"},{"taxonomy":"post_tag","embeddable":true,"href":"https:\/\/www.europesays.com\/se\/wp-json\/wp\/v2\/tags?post=70759"}],"curies":[{"name":"wp","href":"https:\/\/api.w.org\/{rel}","templated":true}]}}