{"id":70776,"date":"2025-11-03T04:17:39","date_gmt":"2025-11-03T04:17:39","guid":{"rendered":"https:\/\/www.europesays.com\/se\/70776\/"},"modified":"2025-11-03T04:17:39","modified_gmt":"2025-11-03T04:17:39","slug":"ung-man-tog-springnota-pa-42-411-kronor-i-goteborg","status":"publish","type":"post","link":"https:\/\/www.europesays.com\/se\/70776\/","title":{"rendered":"Ung man tog springnota p\u00e5 42\u00a0411 kronor i G\u00f6teborg"},"content":{"rendered":"<p>En 23-\u00e5rig man tog in p\u00e5 Clarion Hotell Draken i G\u00f6teborg under tv\u00e5 veckor kring jul och ny\u00e5r. Allt han \u00e5t och drack sattes upp p\u00e5 rummet: hummer, ryggbiff, whisky och dyra viner. Men n\u00e4r notan p\u00e5 42\u202f411 kronor skulle betalas var mannen f\u00f6rsvunnen. Nu d\u00f6ms han till dagsb\u00f6ter f\u00f6r bedr\u00e4geri, rapporterar G\u00f6teborgs-Posten.<\/p>\n<p>Han ringde till hotellet n\u00e5gra dagar senare och skyllde p\u00e5 en stressig utcheckning. Men trots att han fick fakturan p\u00e5 mejl kom ingen betalning.<\/p>\n<p>Under ett polisf\u00f6rh\u00f6r fick han fr\u00e5gan om han hade haft r\u00e5d att betala.<\/p>\n<p>\u2013 Vid tillf\u00e4llet hade jag det definitivt. Nu \u00e4r jag 55 miljoner fattigare, sa 23-\u00e5ringen.<\/p>\n<p>Han h\u00e4vdade att en stor utbetalning som han hade r\u00e4knat med aldrig kom, men sade sig inte kunna utveckla p\u00e5 grund av sekretess. Den f\u00f6rklaringen tror inte tingsr\u00e4tten p\u00e5.<\/p>\n<p>Omni \u00e4r politiskt obundna och oberoende. Vi str\u00e4var efter att ge fler perspektiv p\u00e5 nyheterna. Har du fr\u00e5gor eller synpunkter kring v\u00e5r rapportering? <a href=\"https:\/\/omni.se\/23-aring-tog-springnota-pa-42411-kronor-i-goteborg\/a\/mailto:redaktion@omni.se\" class=\"ArticleActions_contactLink__W2F1M\" rel=\"nofollow noopener\" target=\"_blank\">Kontakta redaktionen<\/a><\/p>\n","protected":false},"excerpt":{"rendered":"En 23-\u00e5rig man tog in p\u00e5 Clarion Hotell Draken i G\u00f6teborg under tv\u00e5 veckor kring jul och ny\u00e5r.&hellip;\n","protected":false},"author":2,"featured_media":70777,"comment_status":"","ping_status":"","sticky":false,"template":"","format":"standard","meta":{"footnotes":""},"categories":[12],"tags":[22,23,128,26,27,1083,17,21,24,25,28,29,15,16,18,34,31,33,32,30,19,20,1084],"class_list":{"0":"post-70776","1":"post","2":"type-post","3":"status-publish","4":"format-standard","5":"has-post-thumbnail","7":"category-sverige","8":"tag-breaking-news","9":"tag-breakingnews","10":"tag-brott","11":"tag-featured-news","12":"tag-featurednews","13":"tag-goteborg","14":"tag-headlines","15":"tag-huvudnyheter","16":"tag-latest-news","17":"tag-latestnews","18":"tag-main-news","19":"tag-mainnews","20":"tag-news","21":"tag-nyheter","22":"tag-rubriker","23":"tag-se","24":"tag-svenska","25":"tag-sverige","26":"tag-sweden","27":"tag-swedish","28":"tag-top-stories","29":"tag-topstories","30":"tag-vastra-gotalands-lan"},"share_on_mastodon":{"url":"https:\/\/pubeurope.com\/@se\/115483839417075632","error":""},"_links":{"self":[{"href":"https:\/\/www.europesays.com\/se\/wp-json\/wp\/v2\/posts\/70776","targetHints":{"allow":["GET"]}}],"collection":[{"href":"https:\/\/www.europesays.com\/se\/wp-json\/wp\/v2\/posts"}],"about":[{"href":"https:\/\/www.europesays.com\/se\/wp-json\/wp\/v2\/types\/post"}],"author":[{"embeddable":true,"href":"https:\/\/www.europesays.com\/se\/wp-json\/wp\/v2\/users\/2"}],"replies":[{"embeddable":true,"href":"https:\/\/www.europesays.com\/se\/wp-json\/wp\/v2\/comments?post=70776"}],"version-history":[{"count":0,"href":"https:\/\/www.europesays.com\/se\/wp-json\/wp\/v2\/posts\/70776\/revisions"}],"wp:featuredmedia":[{"embeddable":true,"href":"https:\/\/www.europesays.com\/se\/wp-json\/wp\/v2\/media\/70777"}],"wp:attachment":[{"href":"https:\/\/www.europesays.com\/se\/wp-json\/wp\/v2\/media?parent=70776"}],"wp:term":[{"taxonomy":"category","embeddable":true,"href":"https:\/\/www.europesays.com\/se\/wp-json\/wp\/v2\/categories?post=70776"},{"taxonomy":"post_tag","embeddable":true,"href":"https:\/\/www.europesays.com\/se\/wp-json\/wp\/v2\/tags?post=70776"}],"curies":[{"name":"wp","href":"https:\/\/api.w.org\/{rel}","templated":true}]}}