{"id":70961,"date":"2025-11-03T08:09:53","date_gmt":"2025-11-03T08:09:53","guid":{"rendered":"https:\/\/www.europesays.com\/se\/70961\/"},"modified":"2025-11-03T08:09:53","modified_gmt":"2025-11-03T08:09:53","slug":"brattom-till-patienten-men-forst-maste-sjukskoterskan-leta-p-plats-nerikes-allehanda","status":"publish","type":"post","link":"https:\/\/www.europesays.com\/se\/70961\/","title":{"rendered":"Br\u00e5ttom till patienten \u2013 men f\u00f6rst m\u00e5ste sjuksk\u00f6terskan leta p-plats \u2013 Nerikes Allehanda"},"content":{"rendered":"<p>T\u00e4nk dig att det sitter en gammal m\u00e4nniska med andningsproblem och v\u00e4ntar p\u00e5 dig \u2013 och du sj\u00e4lv m\u00e5ste b\u00f6rja med att leta reda p\u00e5 en parkeringsautomat.<\/p>\n<p>T\u00e4nk sedan att det h\u00e4nder tre-fyra g\u00e5nger per dag.<\/p>\n<p>\u2013 Vi borde f\u00e5 en lapp att s\u00e4tta p\u00e5 bilrutan, s\u00e5 vi slipper l\u00e4gga arbetstid p\u00e5 det h\u00e4r, s\u00e4ger sjuksk\u00f6terskan Thomas Eriksson.<\/p>\n<p><img loading=\"lazy\" decoding=\"async\" width=\"980\" height=\"551\" class=\"article-image article-image--featured\" alt=\"Thomas Eriksson \u00e4r sjuksk\u00f6terska i \u00d6rebro kommun - och tr\u00f6tt p\u00e5 att l\u00e4gga tid p\u00e5 parkeringsautomater.\" src=\"https:\/\/www.europesays.com\/se\/wp-content\/uploads\/2025\/11\/fdfc01b3-4003-47af-bf06-5c3860f2b0ed.jpg\"  \/><a class=\"article__lightbox-link\" href=\"https:\/\/static.bonniernews.se\/ba\/fdfc01b3-4003-47af-bf06-5c3860f2b0ed.jpg?crop=2048%2C1152%2Cx0%2Cy0&amp;width=1400&amp;format=pjpg&amp;auto=avif\" data-pswp-width=\"1400\" data-pswp-height=\"788\" data-pswp-caption=\"Thomas Eriksson \u00e4r sjuksk\u00f6terska i \u00d6rebro kommun - och tr\u00f6tt p\u00e5 att l\u00e4gga tid p\u00e5 parkeringsautomater. Bild:  Privat\" data-pswp- rel=\"nofollow noopener\" target=\"_blank\">\u00d6ppna bild i helsk\u00e4rmsl\u00e4ge<\/a><\/p>\n<p class=\"txt-style-muted\" aria-hidden=\"true\">Thomas Eriksson \u00e4r sjuksk\u00f6terska i \u00d6rebro kommun &#8211; och tr\u00f6tt p\u00e5 att l\u00e4gga tid p\u00e5 parkeringsautomater.<\/p>\n<p class=\"article__figcaption-attribution txt-style-muted\">Bild:  Privat<\/p>\n<p>Han jobbar inom \u00d6rebro kommuns hemsjukv\u00e5rd: l\u00e4gger om s\u00e5r och tar blodtryck \u2013 men g\u00f6r ocks\u00e5 bed\u00f6mningar om n\u00e5gon snabbt blir d\u00e5lig. Eller beh\u00f6ver till sjukhus.<\/p>\n<p>Tekniskt fel<\/p>\n<p class=\"message__text txt-ui txt-ui-2\">V\u00e4nligen f\u00f6rs\u00f6k igen senare.<\/p>\n<p>Den h\u00e4r artikeln \u00e4r bara f\u00f6r prenumeranter<\/p>\n<p class=\"txt-body txt-body-1\">Om du redan \u00e4r prenumerant: logga in!<\/p>\n","protected":false},"excerpt":{"rendered":"T\u00e4nk dig att det sitter en gammal m\u00e4nniska med andningsproblem och v\u00e4ntar p\u00e5 dig \u2013 och du sj\u00e4lv&hellip;\n","protected":false},"author":2,"featured_media":70962,"comment_status":"","ping_status":"","sticky":false,"template":"","format":"standard","meta":{"footnotes":""},"categories":[12],"tags":[22,23,26,27,17,21,24,25,28,29,15,16,18,34,31,33,32,30,19,20],"class_list":{"0":"post-70961","1":"post","2":"type-post","3":"status-publish","4":"format-standard","5":"has-post-thumbnail","7":"category-sverige","8":"tag-breaking-news","9":"tag-breakingnews","10":"tag-featured-news","11":"tag-featurednews","12":"tag-headlines","13":"tag-huvudnyheter","14":"tag-latest-news","15":"tag-latestnews","16":"tag-main-news","17":"tag-mainnews","18":"tag-news","19":"tag-nyheter","20":"tag-rubriker","21":"tag-se","22":"tag-svenska","23":"tag-sverige","24":"tag-sweden","25":"tag-swedish","26":"tag-top-stories","27":"tag-topstories"},"share_on_mastodon":{"url":"https:\/\/pubeurope.com\/@se\/115484755580666879","error":""},"_links":{"self":[{"href":"https:\/\/www.europesays.com\/se\/wp-json\/wp\/v2\/posts\/70961","targetHints":{"allow":["GET"]}}],"collection":[{"href":"https:\/\/www.europesays.com\/se\/wp-json\/wp\/v2\/posts"}],"about":[{"href":"https:\/\/www.europesays.com\/se\/wp-json\/wp\/v2\/types\/post"}],"author":[{"embeddable":true,"href":"https:\/\/www.europesays.com\/se\/wp-json\/wp\/v2\/users\/2"}],"replies":[{"embeddable":true,"href":"https:\/\/www.europesays.com\/se\/wp-json\/wp\/v2\/comments?post=70961"}],"version-history":[{"count":0,"href":"https:\/\/www.europesays.com\/se\/wp-json\/wp\/v2\/posts\/70961\/revisions"}],"wp:featuredmedia":[{"embeddable":true,"href":"https:\/\/www.europesays.com\/se\/wp-json\/wp\/v2\/media\/70962"}],"wp:attachment":[{"href":"https:\/\/www.europesays.com\/se\/wp-json\/wp\/v2\/media?parent=70961"}],"wp:term":[{"taxonomy":"category","embeddable":true,"href":"https:\/\/www.europesays.com\/se\/wp-json\/wp\/v2\/categories?post=70961"},{"taxonomy":"post_tag","embeddable":true,"href":"https:\/\/www.europesays.com\/se\/wp-json\/wp\/v2\/tags?post=70961"}],"curies":[{"name":"wp","href":"https:\/\/api.w.org\/{rel}","templated":true}]}}