{"id":70963,"date":"2025-11-03T08:10:27","date_gmt":"2025-11-03T08:10:27","guid":{"rendered":"https:\/\/www.europesays.com\/se\/70963\/"},"modified":"2025-11-03T08:10:27","modified_gmt":"2025-11-03T08:10:27","slug":"fruktansvart-ingen-frojd-for-ogat","status":"publish","type":"post","link":"https:\/\/www.europesays.com\/se\/70963\/","title":{"rendered":"Fruktansv\u00e4rt \u2013 ingen fr\u00f6jd f\u00f6r \u00f6gat"},"content":{"rendered":"<p><strong>Elfsborg <a href=\"https:\/\/fotbolldirekt.se\/allsvenskan\/just-nu-aik-hakar-pa-i-europa-jakten-brot-negativa-trenden\/\" rel=\"nofollow noopener\" target=\"_blank\">k\u00f6rdes \u00f6ver av AIK<\/a>.<br \/>Samtidigt skulle en av klubbens st\u00f6rsta n\u00e5gonsin, Johan Larsson, hyllas.<br \/>H\u00e4r \u00e4r FotbollDirekts Fredrik de Rons tre punkter fr\u00e5n den m\u00e4rkliga matchen p\u00e5 Bor\u00e5s arena.<\/strong><\/p>\n<p><img loading=\"lazy\" decoding=\"async\" width=\"1024\" height=\"576\" src=\"https:\/\/www.europesays.com\/se\/wp-content\/uploads\/2025\/11\/elfsborg-1024x576.jpg\" alt=\"251102 Elfsborgs tr\u00e4nare Oscar Hiljemark under fotbollsmatchen i Allsvenskan mellan Elfsborg och AIK den 2 november 2025 i Bor\u00e5s.\" class=\"wp-image-336123\"  \/>Foto: Bildbyr\u00e5n<\/p>\n<p>V\u00e4rdig hyllning \u2013 en av de st\u00f6rsta<\/p>\n<p><strong><a href=\"https:\/\/fotbolldirekt.se\/spelare\/johan-larsson\/\" rel=\"nofollow noopener\" target=\"_blank\">Johan Larsson<\/a><\/strong>, 35, tackades av efter l\u00e5ng och trogen tj\u00e4nst, och det var fina bilder som kablades ut fr\u00e5n Bor\u00e5s arena. Den rutinerade h\u00f6gerbacken, med 389 (!) matcher f\u00f6r <a href=\"https:\/\/fotbolldirekt.se\/klubb\/if-elfsborg\/\" rel=\"nofollow noopener\" target=\"_blank\">Elfsborg<\/a>, tackar f\u00f6r sig efter s\u00e4songen, och under s\u00f6ndagen hyllades han med <a href=\"https:\/\/fotbolldirekt.se\/allsvenskan\/har-hyllas-johan-larsson-35-i-sista-hemmamatchen\/\" rel=\"nofollow noopener\" target=\"_blank\">tifo och appl\u00e5der av hemmapubliken<\/a>.<\/p>\n<p>\u201cJohan Larsson \u2013 kapten\u201d, skrev supportrarna.<\/p>\n<p><img loading=\"lazy\" decoding=\"async\" width=\"1024\" height=\"576\" src=\"https:\/\/www.europesays.com\/se\/wp-content\/uploads\/2025\/11\/larsson-3-1024x576.jpg\" alt=\"251102 Elfsborgs supportrar med ett tifo f\u00f6rest\u00e4llande Johan Larsson inf\u00f6r fotbollsmatchen i Allsvenskan mellan Elfsborg och AIK den 2 november 2025 i Bor\u00e5s.\" class=\"wp-image-336018\"  \/>Foto: Bildbyr\u00e5n<\/p>\n<p>Den annars s\u00e5 lugna, sansade och professionella Larsson s\u00e5g m\u00e4rkbart tagen ut. Och vem hade inte varit det? \u00c4r det inte varje liten pojkes och flickas dr\u00f6m att bli hyllad och tackad av sin egen stad?<\/p>\n<p>Grattis, Johan Larsson! Du har gjort n\u00e5got riktigt, riktigt bra. MEN, sk\u00e4ms Elfsborg f\u00f6r att ni inte kunde ge kaptenen en v\u00e4rdig sportslig avslutning.<\/p>\n<p>Fruktansv\u00e4rt, AIK<\/p>\n<p><a href=\"https:\/\/fotbolldirekt.se\/klubb\/aik-fotboll\/\" rel=\"nofollow noopener\" target=\"_blank\">AIK<\/a>:s f\u00f6rsta halvlek \u00e4r bland det v\u00e4rsta jag har sett p\u00e5 l\u00e4nge. I sann \u201cGnaget\u201d-anda tog de s\u00e5 klart ocks\u00e5 ledningen, trots ett bedr\u00f6vligt spel, men det var verkligen oroande att se slarvet, of\u00f6rm\u00e5gan och kompetensbristen centralt i f\u00e4ltet under stora delar av matchen.<\/p>\n<p><img loading=\"lazy\" decoding=\"async\" width=\"1024\" height=\"576\" src=\"https:\/\/www.europesays.com\/se\/wp-content\/uploads\/2025\/11\/elfsborg-aik-2-1024x576.jpg\" alt=\"251102 Elfsborgs Simon Olsson och AIKs Abdihakin Ali under fotbollsmatchen i Allsvenskan mellan Elfsborg och AIK den 2 november 2025 i Bor\u00e5s.\" class=\"wp-image-336050\"  \/>Foto: Bildbyr\u00e5n<\/p>\n<p>Hade l\u00e4ktarna och tv-kamerorna plockats bort hade man blivit f\u00f6rl\u00e5ten f\u00f6r att missta matchen mellan Elfsborg och AIK i allsvenskans n\u00e4st sista omg\u00e5ng f\u00f6r valfri lunkmatch i division 7. Regn, rusk och ett fruktansv\u00e4rt spel \u2013 ja, det var sannerligen ingen fr\u00f6jd f\u00f6r \u00f6gat.<\/p>\n<p>D\u00e4rf\u00f6r f\u00e5r Oscar Hiljemark inte sparken<\/p>\n<p>Elfsborg \u00e4r h\u00e4diskt usla, och efter s\u00f6ndagens 3\u20130-kross visas inga tecken p\u00e5 f\u00f6rb\u00e4ttring. Som brukligt riktas stor kritik mot manager <strong>Oscar Hiljemark<\/strong>, och det \u00e4r inte or\u00e4ttvist. Det \u00e4r den tidigare spelarens ansvar att f\u00e5 ordning p\u00e5 sina spelare, s\u00e5 klart. Men de som ropar p\u00e5 Hiljemarks avg\u00e5ng kommer f\u00e5 bli besvikna.<\/p>\n<p>Att Elfsborg skulle g\u00f6ra sig av med managern ser jag som ytterst, ytterst osannolikt. Det \u00e4r klart att Hiljemark skulle kunna l\u00e4mna sj\u00e4lvmant eller bli utk\u00f6pt av en annan klubb, men att klubbchefen Stefan Andreasson skulle sparka honom? Aldrig i livet! <\/p>\n<p>Det finns ingen klubb i hela v\u00e4rlden som ger sina tr\u00e4nare lika mycket tid, lika stort f\u00f6rtroende, som IF Elfsborg g\u00f6r. Det f\u00f6r\u00e4ndras inte av en 3\u20130-torsk mot ett bedr\u00f6vligt AIK.\u00a0<\/p>\n","protected":false},"excerpt":{"rendered":"Elfsborg k\u00f6rdes \u00f6ver av AIK.Samtidigt skulle en av klubbens st\u00f6rsta n\u00e5gonsin, Johan Larsson, hyllas.H\u00e4r \u00e4r FotbollDirekts Fredrik de&hellip;\n","protected":false},"author":2,"featured_media":70964,"comment_status":"","ping_status":"","sticky":false,"template":"","format":"standard","meta":{"footnotes":""},"categories":[5],"tags":[22,23,26,27,17,21,24,25,28,29,15,16,947,18,34,31,33,32,30,19,20],"class_list":{"0":"post-70963","1":"post","2":"type-post","3":"status-publish","4":"format-standard","5":"has-post-thumbnail","7":"category-rubriker","8":"tag-breaking-news","9":"tag-breakingnews","10":"tag-featured-news","11":"tag-featurednews","12":"tag-headlines","13":"tag-huvudnyheter","14":"tag-latest-news","15":"tag-latestnews","16":"tag-main-news","17":"tag-mainnews","18":"tag-news","19":"tag-nyheter","20":"tag-paket-blocket","21":"tag-rubriker","22":"tag-se","23":"tag-svenska","24":"tag-sverige","25":"tag-sweden","26":"tag-swedish","27":"tag-top-stories","28":"tag-topstories"},"share_on_mastodon":{"url":"https:\/\/pubeurope.com\/@se\/115484755753101460","error":""},"_links":{"self":[{"href":"https:\/\/www.europesays.com\/se\/wp-json\/wp\/v2\/posts\/70963","targetHints":{"allow":["GET"]}}],"collection":[{"href":"https:\/\/www.europesays.com\/se\/wp-json\/wp\/v2\/posts"}],"about":[{"href":"https:\/\/www.europesays.com\/se\/wp-json\/wp\/v2\/types\/post"}],"author":[{"embeddable":true,"href":"https:\/\/www.europesays.com\/se\/wp-json\/wp\/v2\/users\/2"}],"replies":[{"embeddable":true,"href":"https:\/\/www.europesays.com\/se\/wp-json\/wp\/v2\/comments?post=70963"}],"version-history":[{"count":0,"href":"https:\/\/www.europesays.com\/se\/wp-json\/wp\/v2\/posts\/70963\/revisions"}],"wp:featuredmedia":[{"embeddable":true,"href":"https:\/\/www.europesays.com\/se\/wp-json\/wp\/v2\/media\/70964"}],"wp:attachment":[{"href":"https:\/\/www.europesays.com\/se\/wp-json\/wp\/v2\/media?parent=70963"}],"wp:term":[{"taxonomy":"category","embeddable":true,"href":"https:\/\/www.europesays.com\/se\/wp-json\/wp\/v2\/categories?post=70963"},{"taxonomy":"post_tag","embeddable":true,"href":"https:\/\/www.europesays.com\/se\/wp-json\/wp\/v2\/tags?post=70963"}],"curies":[{"name":"wp","href":"https:\/\/api.w.org\/{rel}","templated":true}]}}