{"id":70986,"date":"2025-11-03T08:35:17","date_gmt":"2025-11-03T08:35:17","guid":{"rendered":"https:\/\/www.europesays.com\/se\/70986\/"},"modified":"2025-11-03T08:35:17","modified_gmt":"2025-11-03T08:35:17","slug":"cop30-bor-staka-ut-vagen-for-genomforandet-av-de-nya-nationella-klimatplanerna","status":"publish","type":"post","link":"https:\/\/www.europesays.com\/se\/70986\/","title":{"rendered":"COP30 b\u00f6r staka ut v\u00e4gen f\u00f6r genomf\u00f6randet av de nya nationella klimatplanerna"},"content":{"rendered":"<p>P\u00e5 COP30 utg\u00f6r Sverige en del av EU:s f\u00f6rhandlingsdelegation. Sverige och alla andra medlemsl\u00e4nder har dessf\u00f6rinnan f\u00f6rhandlat kring en gemensam EU-position. F\u00f6r Sverige inneb\u00e4r det globala klimatarbetet b\u00e5de en br\u00e5dska utifr\u00e5n vetenskapen och m\u00f6jligheter i form av st\u00e4rkt konkurrenskraft, nya jobb och tillv\u00e4xt samt innovation och utveckling, vilket avspeglas \u00e4ven i EU:s position som beslutades den 21 oktober.\u00a0<\/p>\n<p>Sverige lyfter fram n\u00e4ringslivets roll i klimatarbetet och menar att svenska f\u00f6retag kan visa upp en rad l\u00f6sningar f\u00f6r minskning av utsl\u00e4pp och st\u00e4rkt motst\u00e5ndskraft. Klimat- och milj\u00f6minister Romina Pourmokhtari och bist\u00e5nds- och utrikeshandelsminister Benjamin Dousa v\u00e4nde sig till parterna inom Parisavtalet efter klimatm\u00f6tet COP29 i Baku med budskap om de l\u00f6sningar och innovationer som svenska bolag kan erbjuda och som redan kan till\u00e4mpas i klimatarbetet.<\/p>\n<p>Den svenska delegationen best\u00e5r av ett 20-tal representanter f\u00f6r flera departement och myndigheter under ledning av chefsf\u00f6rhandlare Mattias Frumerie. F\u00f6retr\u00e4dare f\u00f6r regeringen kommer ocks\u00e5 att n\u00e4rvara. DDMM Konungen och Drottningen och EU-minister Jessica Rosencrantz representerar Sverige i det inledande h\u00f6gniv\u00e5m\u00f6tet den 6\u20137 november.<\/p>\n<p>Business Sweden ansvarar f\u00f6r den svenska paviljongen p\u00e5 COP30 och d\u00e4r samlas \u00e4ven i \u00e5r en delegation med svenska myndigheter och f\u00f6retag och fr\u00e5n en rad olika branscher.<\/p>\n<p>Business Sweden lanserade rapporten Sweden \u2013 The Climate Matchmaker for Global Action under FN:s Climate Week i september 2025. Den har tagits fram inf\u00f6r COP30 f\u00f6r att hj\u00e4lpa l\u00e4nder att matcha sina klimatutmaningar med svenska l\u00f6sningar, att g\u00f6ra sina nationella klimatplaner (NDC:er) mer genomf\u00f6rbara och investeringsv\u00e4nliga, samt att \u00f6ka sin attraktivitet f\u00f6r h\u00e5llbara investeringar. Det svenska erbjudandet \u00e5terspeglas i konceptet Sweden The Climate Matchmaker d\u00e4r ett intresseomr\u00e5de kan matchas med en l\u00f6sning.<\/p>\n<p>En central fr\u00e5ga f\u00f6r Sverige \u00e4r att COP30 n\u00e5r ett f\u00f6rhandlat resultat som svarar mot den samlade ambitionsniv\u00e5n i parternas nya nationella klimatplaner, NDC:er, och den syntesrapport som UNFCCC:s (klimatkonventionens) sekretariat tar fram av parternas inl\u00e4mnade planer.<\/p>\n<p>COP30 b\u00f6r d\u00e4rf\u00f6r fastst\u00e4lla hur parterna gemensamt kan p\u00e5skynda arbetet f\u00f6r att minska det f\u00f6rv\u00e4ntade utsl\u00e4ppsgapet, det vill s\u00e4ga skillnaden mellan 1,5-gradersm\u00e5let och hittills utlovade \u00e5tg\u00e4rder. Sverige menar att s\u00e4rskilt fokus b\u00f6r l\u00e4ggas p\u00e5 hur l\u00e4nderna med de st\u00f6rsta utsl\u00e4ppen kan till\u00e4mpa tillg\u00e4ngliga l\u00f6sningar f\u00f6r att begr\u00e4nsa den globala uppv\u00e4rmningen till 1,5\u00b0C.<\/p>\n<p>Fr\u00e5gan om finansiering av klimat\u00e5tg\u00e4rder \u00e5terkommer \u00e4ven p\u00e5 COP30. M\u00f6tet ska besluta om hur man tar vidare arbetet med med Parisavtalets artikel 2.1.c, som handlar om att styra om finansiella fl\u00f6den s\u00e5 att de st\u00f6ttar en klimatm\u00e4ssigt motst\u00e5ndskraftig utveckling. Det g\u00e4ller ocks\u00e5 genomf\u00f6randet av den s\u00e5 kallade Baku to Bel\u00e9m Roadmap som inneh\u00e5ller \u00e5tg\u00e4rder f\u00f6r att s\u00e4kra att finansieringsm\u00e5let p\u00e5 1 300 miljarder USD uppn\u00e5s till 2035 med b\u00e5de offentligt och privat kapital. Sverige menar att l\u00e4nder beh\u00f6ver skapa attraktiva investeringsklimat f\u00f6r att kunna ta del av och fr\u00e4mja gr\u00f6na investeringar.<\/p>\n<p>Sverige \u00e4r en av v\u00e4rldens mest gener\u00f6sa givare av internationell klimatfinansiering i relation till BNP inom klimatbist\u00e5nd och till klimatfonderna som Globala milj\u00f6fonden GEF och Gr\u00f6na klimatfonden GCF. Sverige \u00e4r f\u00f6r n\u00e4rvarande ordf\u00f6rande i den Gr\u00f6na klimatfonden. Det svenska klimatbist\u00e5ndet 2024 var rekordh\u00f6gt och uppgick till drygt 11,1 miljarder kronor, en \u00f6kning med 1,5 miljarder kronor j\u00e4mf\u00f6rt med \u00e5ret innan. J\u00e4mf\u00f6rt med 2022 \u00e4r det en \u00f6kning med mer \u00e4n 2,5 miljarder kronor, ca 29%. Den internationella klimatfinansieringen ska bidra till b\u00e5de utsl\u00e4ppsminskning och klimatanpassning. Energimyndigheten ansvarar f\u00f6r Sveriges program f\u00f6r Parisavtalets artikel 6. Med tanke p\u00e5 de omfattande globala behoven kommer dock bist\u00e5nd aldrig att vara tillr\u00e4ckligt. D\u00e4rf\u00f6r arbetar Sverige bland annat med att utveckla innovativa finansiella verktyg f\u00f6r klimatfinansiering, f\u00f6r att exempelvis attrahera \u00f6kad privat finansiering.<\/p>\n<p>COP30 f\u00f6rv\u00e4ntas ocks\u00e5 besluta om ett antal indikatorer f\u00f6r att m\u00e4ta global klimatanpassning och anta en handlingsplan f\u00f6r j\u00e4mst\u00e4lldhet och klimat som st\u00e4rker genusperspektivet i det fortsatta arbetet.<\/p>\n","protected":false},"excerpt":{"rendered":"P\u00e5 COP30 utg\u00f6r Sverige en del av EU:s f\u00f6rhandlingsdelegation. Sverige och alla andra medlemsl\u00e4nder har dessf\u00f6rinnan f\u00f6rhandlat kring&hellip;\n","protected":false},"author":2,"featured_media":67452,"comment_status":"","ping_status":"","sticky":false,"template":"","format":"standard","meta":{"footnotes":""},"categories":[5],"tags":[22,23,26,27,17,21,24,25,28,29,15,16,18,34,31,33,32,30,19,20],"class_list":{"0":"post-70986","1":"post","2":"type-post","3":"status-publish","4":"format-standard","5":"has-post-thumbnail","7":"category-rubriker","8":"tag-breaking-news","9":"tag-breakingnews","10":"tag-featured-news","11":"tag-featurednews","12":"tag-headlines","13":"tag-huvudnyheter","14":"tag-latest-news","15":"tag-latestnews","16":"tag-main-news","17":"tag-mainnews","18":"tag-news","19":"tag-nyheter","20":"tag-rubriker","21":"tag-se","22":"tag-svenska","23":"tag-sverige","24":"tag-sweden","25":"tag-swedish","26":"tag-top-stories","27":"tag-topstories"},"share_on_mastodon":{"url":"https:\/\/pubeurope.com\/@se\/115484853727534424","error":""},"_links":{"self":[{"href":"https:\/\/www.europesays.com\/se\/wp-json\/wp\/v2\/posts\/70986","targetHints":{"allow":["GET"]}}],"collection":[{"href":"https:\/\/www.europesays.com\/se\/wp-json\/wp\/v2\/posts"}],"about":[{"href":"https:\/\/www.europesays.com\/se\/wp-json\/wp\/v2\/types\/post"}],"author":[{"embeddable":true,"href":"https:\/\/www.europesays.com\/se\/wp-json\/wp\/v2\/users\/2"}],"replies":[{"embeddable":true,"href":"https:\/\/www.europesays.com\/se\/wp-json\/wp\/v2\/comments?post=70986"}],"version-history":[{"count":0,"href":"https:\/\/www.europesays.com\/se\/wp-json\/wp\/v2\/posts\/70986\/revisions"}],"wp:featuredmedia":[{"embeddable":true,"href":"https:\/\/www.europesays.com\/se\/wp-json\/wp\/v2\/media\/67452"}],"wp:attachment":[{"href":"https:\/\/www.europesays.com\/se\/wp-json\/wp\/v2\/media?parent=70986"}],"wp:term":[{"taxonomy":"category","embeddable":true,"href":"https:\/\/www.europesays.com\/se\/wp-json\/wp\/v2\/categories?post=70986"},{"taxonomy":"post_tag","embeddable":true,"href":"https:\/\/www.europesays.com\/se\/wp-json\/wp\/v2\/tags?post=70986"}],"curies":[{"name":"wp","href":"https:\/\/api.w.org\/{rel}","templated":true}]}}