{"id":71001,"date":"2025-11-03T08:50:09","date_gmt":"2025-11-03T08:50:09","guid":{"rendered":"https:\/\/www.europesays.com\/se\/71001\/"},"modified":"2025-11-03T08:50:09","modified_gmt":"2025-11-03T08:50:09","slug":"bilforare-i-vuollerim-till-sjukhus-efter-krock-med-alg","status":"publish","type":"post","link":"https:\/\/www.europesays.com\/se\/71001\/","title":{"rendered":"Bilf\u00f6rare i Vuollerim till sjukhus efter krock med \u00e4lg"},"content":{"rendered":"<p>Larmet om olyckan kom klockan kvart i sex p\u00e5 m\u00e5ndagsmorgonen. R\u00e4ddningstj\u00e4nst och ambulans \u00e5kte ut till olycksplatsen och riksv\u00e4g 97 var helt avst\u00e4ngd under r\u00e4ddningsarbetet. Efter en timme b\u00f6rjade trafiken sl\u00e4ppas p\u00e5 s\u00f6derifr\u00e5n.<\/p>\n<p>En efters\u00f6ksj\u00e4gare kallas ut till olycksplatsen och enligt uppgift \u00e4r \u00e4lgen d\u00f6d. <\/p>\n<p>Det finns i nul\u00e4get inga uppgifter om skadel\u00e4get f\u00f6r den drabbade personen.<\/p>\n","protected":false},"excerpt":{"rendered":"Larmet om olyckan kom klockan kvart i sex p\u00e5 m\u00e5ndagsmorgonen. R\u00e4ddningstj\u00e4nst och ambulans \u00e5kte ut till olycksplatsen och&hellip;\n","protected":false},"author":2,"featured_media":63854,"comment_status":"","ping_status":"","sticky":false,"template":"","format":"standard","meta":{"footnotes":""},"categories":[12],"tags":[22,23,26,27,17,21,24,25,28,29,15,16,18,34,31,33,32,30,19,20],"class_list":{"0":"post-71001","1":"post","2":"type-post","3":"status-publish","4":"format-standard","5":"has-post-thumbnail","7":"category-sverige","8":"tag-breaking-news","9":"tag-breakingnews","10":"tag-featured-news","11":"tag-featurednews","12":"tag-headlines","13":"tag-huvudnyheter","14":"tag-latest-news","15":"tag-latestnews","16":"tag-main-news","17":"tag-mainnews","18":"tag-news","19":"tag-nyheter","20":"tag-rubriker","21":"tag-se","22":"tag-svenska","23":"tag-sverige","24":"tag-sweden","25":"tag-swedish","26":"tag-top-stories","27":"tag-topstories"},"share_on_mastodon":{"url":"https:\/\/pubeurope.com\/@se\/115484912736436557","error":""},"_links":{"self":[{"href":"https:\/\/www.europesays.com\/se\/wp-json\/wp\/v2\/posts\/71001","targetHints":{"allow":["GET"]}}],"collection":[{"href":"https:\/\/www.europesays.com\/se\/wp-json\/wp\/v2\/posts"}],"about":[{"href":"https:\/\/www.europesays.com\/se\/wp-json\/wp\/v2\/types\/post"}],"author":[{"embeddable":true,"href":"https:\/\/www.europesays.com\/se\/wp-json\/wp\/v2\/users\/2"}],"replies":[{"embeddable":true,"href":"https:\/\/www.europesays.com\/se\/wp-json\/wp\/v2\/comments?post=71001"}],"version-history":[{"count":0,"href":"https:\/\/www.europesays.com\/se\/wp-json\/wp\/v2\/posts\/71001\/revisions"}],"wp:featuredmedia":[{"embeddable":true,"href":"https:\/\/www.europesays.com\/se\/wp-json\/wp\/v2\/media\/63854"}],"wp:attachment":[{"href":"https:\/\/www.europesays.com\/se\/wp-json\/wp\/v2\/media?parent=71001"}],"wp:term":[{"taxonomy":"category","embeddable":true,"href":"https:\/\/www.europesays.com\/se\/wp-json\/wp\/v2\/categories?post=71001"},{"taxonomy":"post_tag","embeddable":true,"href":"https:\/\/www.europesays.com\/se\/wp-json\/wp\/v2\/tags?post=71001"}],"curies":[{"name":"wp","href":"https:\/\/api.w.org\/{rel}","templated":true}]}}