{"id":71115,"date":"2025-11-03T10:51:09","date_gmt":"2025-11-03T10:51:09","guid":{"rendered":"https:\/\/www.europesays.com\/se\/71115\/"},"modified":"2025-11-03T10:51:09","modified_gmt":"2025-11-03T10:51:09","slug":"800-arbetsplatser-granskas-ingen-ska-bli-sjuk-eller-do-av-sitt-arbete","status":"publish","type":"post","link":"https:\/\/www.europesays.com\/se\/71115\/","title":{"rendered":"800 arbetsplatser granskas:\u00a0\u201dIngen ska bli sjuk eller d\u00f6 av sitt arbete\u201d"},"content":{"rendered":"<p>Arbetsmilj\u00f6verket inleder en nationell granskning med m\u00e5let att minska antalet cancerfall som kan kopplas till arbetet<\/p>\n<p>            den 3 november 2025 09:43<\/p>\n<p>Tillsynen g\u00f6rs f\u00f6r att minska exponeringen av kvartsdamm och andra kemiska risker. Bakgrunden \u00e4r att omkring 600 personer i Sverige varje \u00e5r d\u00f6r av cancer som kan kopplas till deras arbete.<\/p>\n<p>Med start i november ska omkring 800 arbetsplatser inom mark- och anl\u00e4ggningsarbeten samt industrin granskas. Planen \u00e4r att arbetet ska vara f\u00e4rdigt december n\u00e4sta \u00e5r.\u00a0Det meddelar Arbetsmilj\u00f6verket i ett pressmeddelande.<\/p>\n<p>\n                        Ja, tack! Jag vill prenumerera p\u00e5 Leveranstidningen Entreprenad under 1 m\u00e5nad. Ingen bindningstid Du f\u00e5r ocks\u00e5 tillg\u00e5ng till e-tidning, nyhetsbrev och plusartiklar p\u00e5 hemsidan\n                    <\/p>\n<p>\n                    F\u00e5 tillg\u00e5ng till allt inneh\u00e5ll p\u00e5 Entreprenad\n                <\/p>\n<p>\n                    Ingen bindningstid eller kortinformation kr\u00e4vs\n                <\/p>\n<p>\n                        G\u00e4ller endast personlig prenumeration.\n                    <\/p>\n<p>                                            <a v-for=\"(project, index) in projects\" v-show=\"index &lt; max || showAll\" v-bind:href=\"'https:\/\/www.projektagenten.se\/project\/' + project.id\" target=\"_blank\" class=\"article-project\"><\/p>\n<p>                                                {{ project.name }}<br \/>\n                                                L\u00e4s om projektet<br \/>\n                                            <\/a><\/p>\n<p>                                                Alla relaterade projekt<\/p>\n","protected":false},"excerpt":{"rendered":"Arbetsmilj\u00f6verket inleder en nationell granskning med m\u00e5let att minska antalet cancerfall som kan kopplas till arbetet den 3&hellip;\n","protected":false},"author":2,"featured_media":71116,"comment_status":"","ping_status":"","sticky":false,"template":"","format":"standard","meta":{"footnotes":""},"categories":[12],"tags":[22,23,26,27,17,21,24,25,28,29,15,16,18,34,31,33,32,30,19,20],"class_list":{"0":"post-71115","1":"post","2":"type-post","3":"status-publish","4":"format-standard","5":"has-post-thumbnail","7":"category-sverige","8":"tag-breaking-news","9":"tag-breakingnews","10":"tag-featured-news","11":"tag-featurednews","12":"tag-headlines","13":"tag-huvudnyheter","14":"tag-latest-news","15":"tag-latestnews","16":"tag-main-news","17":"tag-mainnews","18":"tag-news","19":"tag-nyheter","20":"tag-rubriker","21":"tag-se","22":"tag-svenska","23":"tag-sverige","24":"tag-sweden","25":"tag-swedish","26":"tag-top-stories","27":"tag-topstories"},"share_on_mastodon":{"url":"https:\/\/pubeurope.com\/@se\/115485388563326863","error":""},"_links":{"self":[{"href":"https:\/\/www.europesays.com\/se\/wp-json\/wp\/v2\/posts\/71115","targetHints":{"allow":["GET"]}}],"collection":[{"href":"https:\/\/www.europesays.com\/se\/wp-json\/wp\/v2\/posts"}],"about":[{"href":"https:\/\/www.europesays.com\/se\/wp-json\/wp\/v2\/types\/post"}],"author":[{"embeddable":true,"href":"https:\/\/www.europesays.com\/se\/wp-json\/wp\/v2\/users\/2"}],"replies":[{"embeddable":true,"href":"https:\/\/www.europesays.com\/se\/wp-json\/wp\/v2\/comments?post=71115"}],"version-history":[{"count":0,"href":"https:\/\/www.europesays.com\/se\/wp-json\/wp\/v2\/posts\/71115\/revisions"}],"wp:featuredmedia":[{"embeddable":true,"href":"https:\/\/www.europesays.com\/se\/wp-json\/wp\/v2\/media\/71116"}],"wp:attachment":[{"href":"https:\/\/www.europesays.com\/se\/wp-json\/wp\/v2\/media?parent=71115"}],"wp:term":[{"taxonomy":"category","embeddable":true,"href":"https:\/\/www.europesays.com\/se\/wp-json\/wp\/v2\/categories?post=71115"},{"taxonomy":"post_tag","embeddable":true,"href":"https:\/\/www.europesays.com\/se\/wp-json\/wp\/v2\/tags?post=71115"}],"curies":[{"name":"wp","href":"https:\/\/api.w.org\/{rel}","templated":true}]}}