{"id":71153,"date":"2025-11-03T11:24:10","date_gmt":"2025-11-03T11:24:10","guid":{"rendered":"https:\/\/www.europesays.com\/se\/71153\/"},"modified":"2025-11-03T11:24:10","modified_gmt":"2025-11-03T11:24:10","slug":"stanger-ner-l-gruppen-team-liberal-efter-interna-braket","status":"publish","type":"post","link":"https:\/\/www.europesays.com\/se\/71153\/","title":{"rendered":"St\u00e4nger ner L-gruppen \u201dTeam Liberal\u201d \u2013 efter interna br\u00e5ket"},"content":{"rendered":"<p>Publicerad 3 nov 2025 kl 11.32Uppdaterad kl 12.18<\/p>\n<p>Liberalerna \u00e4r i ett pressat opinionsl\u00e4ge och internt bubblar kritiken.<\/p>\n<p>Nu tar ett stort diskussionsforum till en drastisk \u00e5tg\u00e4rd \u2013 och st\u00e4nger ner.<\/p>\n<p>Detta efter att \u201dh\u00f6gre uppsatta\u201d\u00a0i partiet har reagerat, enligt ett inl\u00e4gg Expressen tagit del av.<\/p>\n<p><img   alt=\"\"\/><\/p>\n<p>Mari Hultin.<\/p>\n<p>Foto: Pressbild \/ Liberalerna i J\u00f6nk\u00f6pings l\u00e4n<\/p>\n<p>\u00d6ppna bild i helsk\u00e4rm<img loading=\"lazy\"   alt=\"\"\/><\/p>\n<p>Inl\u00e4gget som Mari Hultin postat.<\/p>\n<p>\u00d6ppna bild i helsk\u00e4rm<\/p>\n<p>F\u00f6r debattsugna medlemmar i <a href=\"https:\/\/www.expressen.se\/tagg\/organization\/liberalerna\/\" class=\"\" rel=\"nofollow noopener\" target=\"_blank\">Liberalerna<\/a> finns en rad interna Facebookgrupper. En av de st\u00f6rsta \u00e4r \u201dTeam Liberal\u201d som nu st\u00e4nger ner efter flera \u00e5rs debatt och diskussion.<\/p>\n<p>Bakgrunden \u00e4r partiets interna konflikter och att den kritik som f\u00f6rts av medlemmar mot Liberalernas \u201dpopcorn\u201d-utspel kommit ut, som Expressen <a href=\"https:\/\/www.expressen.se\/nyheter\/politik\/liberalernas-strategi-far-intern-kritik-borjar-mullra\/\" rel=\"nofollow noopener\" target=\"_blank\">rapporterat<\/a> om.<\/p>\n<p>Gruppens grundare \u00e4r Mari Hultin, regionpolitiker f\u00f6r Liberalerna i J\u00f6nk\u00f6ping, som i ett sista inl\u00e4gg till de \u00f6ver 1 200 medlemmarna skriver att man pausar all verksamhet efter os\u00e4mja och \u201dl\u00e4ckor till pressen\u201d.<\/p>\n<p>\u201dH\u00f6gt uppsatta\u201d har reagerat<\/p>\n<p>\u201dPga l\u00e4get med l\u00e4ckor och den tuffa attityd som mer \u00e4n ett f\u00e5tal visat h\u00e4rinne kommer TL att tillf\u00e4lligt ST\u00c4NGA NED fram tills efter landsm\u00f6tet. Vi har f\u00e5tt till oss fr\u00e5n ett flertal &#8217;h\u00f6gre uppsatta- i partiet att TL skulle vara en stor del i varf\u00f6r l\u00e4get med stor polarisering och os\u00e4mja finns inom partiet&#8230;\u201d<\/p>\n<p>Vilka de h\u00f6gt uppsatta \u00e4r vill Mari Hultin inte s\u00e4ga.<\/p>\n<p>\u2013 Vi har f\u00e5tt inspel fr\u00e5n m\u00e5nga av v\u00e5ra medlemmar som jag naturligtvis inte diskuterar med media. V\u00e5ra medlemmar likv\u00e4rdiga oavsett vilken position man har i partiet, skriver Hultin till Expressen.<\/p>\n<p>Sj\u00e4lv menar hon att det finns andra anledningar till Liberalernas kritiska opinionsl\u00e4ge, d\u00e4r man l\u00e4nge legat under riksdagssp\u00e4rren.<\/p>\n<p>Partiets svar<\/p>\n<p>Efter nedst\u00e4ngningen av \u201dTeam Liberal\u201d skriver en annan grupp, \u201dLiberaler \u2013 vilken v\u00e4g tar vi?\u201d, till sina drygt 1 000 medlemmar att man inte kommer att f\u00f6lja samma v\u00e4g.<\/p>\n<p>\u201dPrecis f\u00e5tt k\u00e4nnedom om att Team Liberal blivit nedst\u00e4ngd och att det delvis beror p\u00e5 p\u00e5tryckningar fr\u00e5n h\u00f6gre ort i partiet. Jag vill bara understryka att ingen fr\u00e5n partiet kontaktat mig\u201d, skriver gruppens administrat\u00f6r.<\/p>\n<p>Partisekreterare Fredrik Brange kommenterar inl\u00e4gget:<\/p>\n<p>\u201dJag vill tydligg\u00f6ra att vi fr\u00e5n partiets sida inte har synpunkter p\u00e5 grupper som \u00e4r oberoende fr\u00e5n partiet och som inte g\u00e5r att missta som officiella forum f\u00f6r partiet\u201d, skriver han.<\/p>\n<p>Han blev sj\u00e4lv kontaktad av en administrat\u00f6r f\u00f6r \u201dTeam Liberal\u201d som informerade om pausen.<\/p>\n<p>\u2013 Jag var d\u00e5 tydlig med att jag har inga synpunkter \u00f6verhuvudtaget p\u00e5 deras beslut kring en inofficiell Facebookgrupp. Det \u00e4r inte min uppgift som partisekreterare att recensera dem p\u00e5 n\u00e5got s\u00e4tt.<\/p>\n<p>Fredrik Brange k\u00e4nner inte till n\u00e5got om att personer h\u00f6gre upp i partiet ska ha h\u00f6rt av sig till gruppen.<\/p>\n<p>\u2013 Jag vet inte bakgrunden till detta mer \u00e4n att vi inte har n\u00e5gonting att g\u00f6ra med det, helt enkelt. <\/p>\n<p>\u2013 Vi har de h\u00e4r inofficiella Facebookgrupperna d\u00e4r medlemmar f\u00e5r diskutera fritt och det \u00e4r v\u00e4ldigt viktigt i ett liberalt parti. Men hur v\u00e5ra medlemmar v\u00e4ljer att organisera diskussioner utanf\u00f6r det som \u00e4r partiets officiella diskussionsforum och format \u00e4r inte upp till mig att p\u00e5 n\u00e5got s\u00e4tt l\u00e4gga mig i, s\u00e4ger Fredrik Brange.<\/p>\n","protected":false},"excerpt":{"rendered":"Publicerad 3 nov 2025 kl 11.32Uppdaterad kl 12.18 Liberalerna \u00e4r i ett pressat opinionsl\u00e4ge och internt bubblar kritiken.&hellip;\n","protected":false},"author":2,"featured_media":71154,"comment_status":"","ping_status":"","sticky":false,"template":"","format":"standard","meta":{"footnotes":""},"categories":[5],"tags":[22,23,26,27,17,21,24,25,28,29,15,16,618,18,34,583,31,33,32,30,19,152,20],"class_list":{"0":"post-71153","1":"post","2":"type-post","3":"status-publish","4":"format-standard","5":"has-post-thumbnail","7":"category-rubriker","8":"tag-breaking-news","9":"tag-breakingnews","10":"tag-featured-news","11":"tag-featurednews","12":"tag-headlines","13":"tag-huvudnyheter","14":"tag-latest-news","15":"tag-latestnews","16":"tag-main-news","17":"tag-mainnews","18":"tag-news","19":"tag-nyheter","20":"tag-organization-liberalerna","21":"tag-rubriker","22":"tag-se","23":"tag-sections-politik","24":"tag-svenska","25":"tag-sverige","26":"tag-sweden","27":"tag-swedish","28":"tag-top-stories","29":"tag-topic-inrikespolitik","30":"tag-topstories"},"share_on_mastodon":{"url":"https:\/\/pubeurope.com\/@se\/115485518275803945","error":""},"_links":{"self":[{"href":"https:\/\/www.europesays.com\/se\/wp-json\/wp\/v2\/posts\/71153","targetHints":{"allow":["GET"]}}],"collection":[{"href":"https:\/\/www.europesays.com\/se\/wp-json\/wp\/v2\/posts"}],"about":[{"href":"https:\/\/www.europesays.com\/se\/wp-json\/wp\/v2\/types\/post"}],"author":[{"embeddable":true,"href":"https:\/\/www.europesays.com\/se\/wp-json\/wp\/v2\/users\/2"}],"replies":[{"embeddable":true,"href":"https:\/\/www.europesays.com\/se\/wp-json\/wp\/v2\/comments?post=71153"}],"version-history":[{"count":0,"href":"https:\/\/www.europesays.com\/se\/wp-json\/wp\/v2\/posts\/71153\/revisions"}],"wp:featuredmedia":[{"embeddable":true,"href":"https:\/\/www.europesays.com\/se\/wp-json\/wp\/v2\/media\/71154"}],"wp:attachment":[{"href":"https:\/\/www.europesays.com\/se\/wp-json\/wp\/v2\/media?parent=71153"}],"wp:term":[{"taxonomy":"category","embeddable":true,"href":"https:\/\/www.europesays.com\/se\/wp-json\/wp\/v2\/categories?post=71153"},{"taxonomy":"post_tag","embeddable":true,"href":"https:\/\/www.europesays.com\/se\/wp-json\/wp\/v2\/tags?post=71153"}],"curies":[{"name":"wp","href":"https:\/\/api.w.org\/{rel}","templated":true}]}}