{"id":71180,"date":"2025-11-03T11:46:12","date_gmt":"2025-11-03T11:46:12","guid":{"rendered":"https:\/\/www.europesays.com\/se\/71180\/"},"modified":"2025-11-03T11:46:12","modified_gmt":"2025-11-03T11:46:12","slug":"pekades-ut-for-gammalt-mord-atalas-for-att-ha-stulit-halv-miljon-fran-aldre","status":"publish","type":"post","link":"https:\/\/www.europesays.com\/se\/71180\/","title":{"rendered":"Pekades ut f\u00f6r gammalt mord \u2013 \u00e5talas f\u00f6r att ha stulit halv miljon fr\u00e5n \u00e4ldre"},"content":{"rendered":"<p>Av Knut Sahlin Ekberg<br \/>Publicerad 3 november, 09:24. Uppdaterad 3 november, 09:47<\/p>\n<p>En kvinna som jobbar i Partilles hemtj\u00e4nst f\u00f6r \u00e4ldre \u00e5talas f\u00f6r att ha stulit smycken och v\u00e4rdesaker till ett v\u00e4rde av en halv miljon. Det \u00e4r samma kvinna som 2023 pekades ut f\u00f6r ett 20 \u00e5r gammalt mord i G\u00f6teborg, rapporterar GP. <\/p>\n<p>2005 m\u00f6rdades Marie Johansson i sin butik p\u00e5 Kyrkogatan i centrala G\u00f6teborg, men vid tiden greps ingen f\u00f6r brottet. Polisen hittade dna p\u00e5 platsen och f\u00f6rst 2023 fick man en tr\u00e4ff p\u00e5 en kvinna. Men p\u00e5 grund av att hon var under 18 n\u00e4r mordet begicks, och f\u00f6r att fallet preskriberats, lades utredningen ner, skriver tidningen. <\/p>\n<p>Nu har kvinnan \u00e5talats f\u00f6r st\u00f6lderna p\u00e5 trygghetsboendet i Partille.<\/p>\n<p>\u201dBrukarna har befunnit sig i en utsatt situation och blivit bestulna i sina hem d\u00e4r de har r\u00e4tt att k\u00e4nna sig trygga. Det g\u00f6r att jag anser att kvinnans agerande \u00e4r s\u00e4rskilt h\u00e4nsynsl\u00f6st\u201d, skriver \u00e5klagare Maria Thorell.<\/p>\n<p>Omni \u00e4r politiskt obundna och oberoende. Vi str\u00e4var efter att ge fler perspektiv p\u00e5 nyheterna. Har du fr\u00e5gor eller synpunkter kring v\u00e5r rapportering? <a href=\"https:\/\/omni.se\/pekades-ut-for-20-ar-gammalt-mord-atalas-nu-for-att-ha-stulit-halv-miljon-fran-aldre\/a\/mailto:redaktion@omni.se\" class=\"ArticleActions_contactLink__W2F1M\" rel=\"nofollow noopener\" target=\"_blank\">Kontakta redaktionen<\/a><\/p>\n","protected":false},"excerpt":{"rendered":"Av Knut Sahlin EkbergPublicerad 3 november, 09:24. Uppdaterad 3 november, 09:47 En kvinna som jobbar i Partilles hemtj\u00e4nst&hellip;\n","protected":false},"author":2,"featured_media":71181,"comment_status":"","ping_status":"","sticky":false,"template":"","format":"standard","meta":{"footnotes":""},"categories":[14],"tags":[22,23,128,26,27,17,21,24,25,28,29,15,16,6425,18,34,31,33,32,30,19,20,51,1084,52,53,54],"class_list":{"0":"post-71180","1":"post","2":"type-post","3":"status-publish","4":"format-standard","5":"has-post-thumbnail","7":"category-varlden","8":"tag-breaking-news","9":"tag-breakingnews","10":"tag-brott","11":"tag-featured-news","12":"tag-featurednews","13":"tag-headlines","14":"tag-huvudnyheter","15":"tag-latest-news","16":"tag-latestnews","17":"tag-main-news","18":"tag-mainnews","19":"tag-news","20":"tag-nyheter","21":"tag-partille","22":"tag-rubriker","23":"tag-se","24":"tag-svenska","25":"tag-sverige","26":"tag-sweden","27":"tag-swedish","28":"tag-top-stories","29":"tag-topstories","30":"tag-varlden","31":"tag-vastra-gotalands-lan","32":"tag-world","33":"tag-world-news","34":"tag-worldnews"},"share_on_mastodon":{"url":"https:\/\/pubeurope.com\/@se\/115485604811213833","error":""},"_links":{"self":[{"href":"https:\/\/www.europesays.com\/se\/wp-json\/wp\/v2\/posts\/71180","targetHints":{"allow":["GET"]}}],"collection":[{"href":"https:\/\/www.europesays.com\/se\/wp-json\/wp\/v2\/posts"}],"about":[{"href":"https:\/\/www.europesays.com\/se\/wp-json\/wp\/v2\/types\/post"}],"author":[{"embeddable":true,"href":"https:\/\/www.europesays.com\/se\/wp-json\/wp\/v2\/users\/2"}],"replies":[{"embeddable":true,"href":"https:\/\/www.europesays.com\/se\/wp-json\/wp\/v2\/comments?post=71180"}],"version-history":[{"count":0,"href":"https:\/\/www.europesays.com\/se\/wp-json\/wp\/v2\/posts\/71180\/revisions"}],"wp:featuredmedia":[{"embeddable":true,"href":"https:\/\/www.europesays.com\/se\/wp-json\/wp\/v2\/media\/71181"}],"wp:attachment":[{"href":"https:\/\/www.europesays.com\/se\/wp-json\/wp\/v2\/media?parent=71180"}],"wp:term":[{"taxonomy":"category","embeddable":true,"href":"https:\/\/www.europesays.com\/se\/wp-json\/wp\/v2\/categories?post=71180"},{"taxonomy":"post_tag","embeddable":true,"href":"https:\/\/www.europesays.com\/se\/wp-json\/wp\/v2\/tags?post=71180"}],"curies":[{"name":"wp","href":"https:\/\/api.w.org\/{rel}","templated":true}]}}