{"id":71188,"date":"2025-11-03T11:53:13","date_gmt":"2025-11-03T11:53:13","guid":{"rendered":"https:\/\/www.europesays.com\/se\/71188\/"},"modified":"2025-11-03T11:53:13","modified_gmt":"2025-11-03T11:53:13","slug":"nog-med-fragor-om-open-ais-ekonomi","status":"publish","type":"post","link":"https:\/\/www.europesays.com\/se\/71188\/","title":{"rendered":"Nog med fr\u00e5gor om Open AI:s ekonomi"},"content":{"rendered":"<p>Open AI:s vd Sam Altman verkar ha tr\u00f6ttnat p\u00e5 fr\u00e5gor om hur bolaget ska finansiera sina miljardsatsningar, skriver Techcrunch. I en intervju tillsammans med Microsofts vd Satya Nadella i podcasten Bg2 betonar Altman att Open AI oms\u00e4tter \u201dl\u00e5ngt \u00f6ver\u201d 13 miljarder dollar per \u00e5r och v\u00e4xer snabbt.<\/p>\n<p>Nadella s\u00e4ger att Open AI har \u00f6vertr\u00e4ffat varje aff\u00e4rsplan som bolaget lagt fram f\u00f6r Microsoft som investerare. Altman avf\u00e4rdar samtidigt rykten om en b\u00f6rsnotering n\u00e4sta \u00e5r, men medger att det sannolikt blir aktuellt n\u00e5gon g\u00e5ng i framtiden.<\/p>\n<p>\u2013 Jag utg\u00e5r fr\u00e5n att det \u00e4r d\u00e4r vi till slut kommer att hamna, s\u00e4ger han.<\/p>\n<p>Omni \u00e4r politiskt obundna och oberoende. Vi str\u00e4var efter att ge fler perspektiv p\u00e5 nyheterna. Har du fr\u00e5gor eller synpunkter kring v\u00e5r rapportering? <a href=\"https:\/\/omni.se\/altman-nog-med-fragor-om-open-ai-s-ekonomi\/a\/mailto:redaktion@omni.se\" class=\"ArticleActions_contactLink__W2F1M\" rel=\"nofollow noopener\" target=\"_blank\">Kontakta redaktionen<\/a><\/p>\n","protected":false},"excerpt":{"rendered":"Open AI:s vd Sam Altman verkar ha tr\u00f6ttnat p\u00e5 fr\u00e5gor om hur bolaget ska finansiera sina miljardsatsningar, skriver&hellip;\n","protected":false},"author":2,"featured_media":71189,"comment_status":"","ping_status":"","sticky":false,"template":"","format":"standard","meta":{"footnotes":""},"categories":[65],"tags":[735,72,70,71,464,463,3760,34,31,33,32,30],"class_list":{"0":"post-71188","1":"post","2":"type-post","3":"status-publish","4":"format-standard","5":"has-post-thumbnail","7":"category-ekonomi","8":"tag-microsoft","9":"tag-business","10":"tag-economy","11":"tag-ekonomi","12":"tag-open-ai","13":"tag-sam-altman","14":"tag-satya-nadella","15":"tag-se","16":"tag-svenska","17":"tag-sverige","18":"tag-sweden","19":"tag-swedish"},"share_on_mastodon":{"url":"https:\/\/pubeurope.com\/@se\/115485632366394108","error":""},"_links":{"self":[{"href":"https:\/\/www.europesays.com\/se\/wp-json\/wp\/v2\/posts\/71188","targetHints":{"allow":["GET"]}}],"collection":[{"href":"https:\/\/www.europesays.com\/se\/wp-json\/wp\/v2\/posts"}],"about":[{"href":"https:\/\/www.europesays.com\/se\/wp-json\/wp\/v2\/types\/post"}],"author":[{"embeddable":true,"href":"https:\/\/www.europesays.com\/se\/wp-json\/wp\/v2\/users\/2"}],"replies":[{"embeddable":true,"href":"https:\/\/www.europesays.com\/se\/wp-json\/wp\/v2\/comments?post=71188"}],"version-history":[{"count":0,"href":"https:\/\/www.europesays.com\/se\/wp-json\/wp\/v2\/posts\/71188\/revisions"}],"wp:featuredmedia":[{"embeddable":true,"href":"https:\/\/www.europesays.com\/se\/wp-json\/wp\/v2\/media\/71189"}],"wp:attachment":[{"href":"https:\/\/www.europesays.com\/se\/wp-json\/wp\/v2\/media?parent=71188"}],"wp:term":[{"taxonomy":"category","embeddable":true,"href":"https:\/\/www.europesays.com\/se\/wp-json\/wp\/v2\/categories?post=71188"},{"taxonomy":"post_tag","embeddable":true,"href":"https:\/\/www.europesays.com\/se\/wp-json\/wp\/v2\/tags?post=71188"}],"curies":[{"name":"wp","href":"https:\/\/api.w.org\/{rel}","templated":true}]}}