{"id":71261,"date":"2025-11-03T12:59:07","date_gmt":"2025-11-03T12:59:07","guid":{"rendered":"https:\/\/www.europesays.com\/se\/71261\/"},"modified":"2025-11-03T12:59:07","modified_gmt":"2025-11-03T12:59:07","slug":"bildt-raknar-med-attack-mot-venezuela","status":"publish","type":"post","link":"https:\/\/www.europesays.com\/se\/71261\/","title":{"rendered":"Bildt: R\u00e4knar med attack mot Venezuela"},"content":{"rendered":"<p>Tidigare stats- och utrikesminister Carl Bildt (M) r\u00e4knar med att USA kommer att angripa Venezuela. <\/p>\n<p>\u2013 Trump har ju gett CIA fullmakt att genomf\u00f6ra n\u00e5gon typ av operationer s\u00e5 sannolikt p\u00e5g\u00e5r n\u00e5gonting redan. <\/p>\n<p>Bildt beskriver USA:s \u00f6kade milit\u00e4ra n\u00e4rvaro och attackerna mot \u201dknark- b\u00e5tar\u201d som en kris, men f\u00f6rhoppnings- vis begr\u00e4nsad till det karibiska omr\u00e5det. <\/p>\n<p>\u2013 Jag tror inte att han (Trump) g\u00e5r till n\u00e5gon stor invasion. Det v\u00e5gar han inte, det blir f\u00f6r besv\u00e4rligt.<\/p>\n","protected":false},"excerpt":{"rendered":"Tidigare stats- och utrikesminister Carl Bildt (M) r\u00e4knar med att USA kommer att angripa Venezuela. \u2013 Trump har&hellip;\n","protected":false},"author":2,"featured_media":793,"comment_status":"","ping_status":"","sticky":false,"template":"","format":"standard","meta":{"footnotes":""},"categories":[14],"tags":[22,23,26,27,17,21,24,25,28,29,15,16,18,34,31,33,32,30,19,20,51,52,53,54],"class_list":{"0":"post-71261","1":"post","2":"type-post","3":"status-publish","4":"format-standard","5":"has-post-thumbnail","7":"category-varlden","8":"tag-breaking-news","9":"tag-breakingnews","10":"tag-featured-news","11":"tag-featurednews","12":"tag-headlines","13":"tag-huvudnyheter","14":"tag-latest-news","15":"tag-latestnews","16":"tag-main-news","17":"tag-mainnews","18":"tag-news","19":"tag-nyheter","20":"tag-rubriker","21":"tag-se","22":"tag-svenska","23":"tag-sverige","24":"tag-sweden","25":"tag-swedish","26":"tag-top-stories","27":"tag-topstories","28":"tag-varlden","29":"tag-world","30":"tag-world-news","31":"tag-worldnews"},"share_on_mastodon":{"url":"https:\/\/pubeurope.com\/@se\/115485891817748095","error":""},"_links":{"self":[{"href":"https:\/\/www.europesays.com\/se\/wp-json\/wp\/v2\/posts\/71261","targetHints":{"allow":["GET"]}}],"collection":[{"href":"https:\/\/www.europesays.com\/se\/wp-json\/wp\/v2\/posts"}],"about":[{"href":"https:\/\/www.europesays.com\/se\/wp-json\/wp\/v2\/types\/post"}],"author":[{"embeddable":true,"href":"https:\/\/www.europesays.com\/se\/wp-json\/wp\/v2\/users\/2"}],"replies":[{"embeddable":true,"href":"https:\/\/www.europesays.com\/se\/wp-json\/wp\/v2\/comments?post=71261"}],"version-history":[{"count":0,"href":"https:\/\/www.europesays.com\/se\/wp-json\/wp\/v2\/posts\/71261\/revisions"}],"wp:featuredmedia":[{"embeddable":true,"href":"https:\/\/www.europesays.com\/se\/wp-json\/wp\/v2\/media\/793"}],"wp:attachment":[{"href":"https:\/\/www.europesays.com\/se\/wp-json\/wp\/v2\/media?parent=71261"}],"wp:term":[{"taxonomy":"category","embeddable":true,"href":"https:\/\/www.europesays.com\/se\/wp-json\/wp\/v2\/categories?post=71261"},{"taxonomy":"post_tag","embeddable":true,"href":"https:\/\/www.europesays.com\/se\/wp-json\/wp\/v2\/tags?post=71261"}],"curies":[{"name":"wp","href":"https:\/\/api.w.org\/{rel}","templated":true}]}}