{"id":71312,"date":"2025-11-03T13:58:21","date_gmt":"2025-11-03T13:58:21","guid":{"rendered":"https:\/\/www.europesays.com\/se\/71312\/"},"modified":"2025-11-03T13:58:21","modified_gmt":"2025-11-03T13:58:21","slug":"svensken-hyllar-nya-nhl-fenomenet-roligt-att-se-hockeysverige-se","status":"publish","type":"post","link":"https:\/\/www.europesays.com\/se\/71312\/","title":{"rendered":"Svensken hyllar nya NHL-fenomenet: &quot;Roligt att se&quot; &#8211; hockeysverige.se"},"content":{"rendered":"<ol>\n<li><a href=\"https:\/\/news.google.com\/rss\/articles\/CBMiggFBVV95cUxNN3I0RE5HZGRvb3FIalBSbjdoaWF5cXBIZVE4cDk5LUZJbXhfQ1dTMnpGRUdHbHltSGd4OHhVNDF0WmdOUWVuTm0tOWVMTzhkWlpwOC0tVlpIZUdrd0NIaEdBT21rWG5rb3hYUVZnc0NTOEFNcGg4cWlYc2xTcnd4d2V3?oc=5\" target=\"_blank\" rel=\"nofollow noopener\">Svensken hyllar nya NHL-fenomenet: &#8221;Roligt att se&#8221;<\/a>&nbsp;&nbsp;hockeysverige.se<\/li>\n<li><a href=\"https:\/\/news.google.com\/rss\/articles\/CBMiswFBVV95cUxNZnFpdnZxdWtDUmpENGc5U0VkczRyZVpibzdIaVVGSU13VzNuRk9IM0JLeWNfNUdHRzFEdE4xeGRjaWY4M0lGVTVqVG40cDUwLXh3Y0xNdm9aMUVmRTdHQ1pmeFFNdEJhQUNaQS1LNV9UbjlYUllYbDVhbm1KX2pmTkU2SnhCclB1UmpsNEVIZDAxaGFDS0tUb0tCZXF5ckZqemh2OHhqcUlwLXkwSm01WXpFNA?oc=5\" target=\"_blank\" rel=\"nofollow noopener\">Simon Holmstr\u00f6m firades som hj\u00e4lte i natt<\/a>&nbsp;&nbsp;Aftonbladet<\/li>\n<li><a href=\"https:\/\/news.google.com\/rss\/articles\/CBMijwFBVV95cUxNZlZPQ1VjUzhLRElzZV9VenpjaWNwbjA4M3FDYkh5ODI1V2ZuRTZwLWU3QTU5alNoSVFYS1paSlZsZkQ1N0NIM2VKaWZWYzc0QThjajBMaXVIUGRtdmtmY0tJSE5pdjJ0cDVncnhJYmEyZFdXcGhvX2JpNnBrSmVRMElfN1RjMEhkQTIyMlB0Yw?oc=5\" target=\"_blank\" rel=\"nofollow noopener\">Ishockey: Simon Holmstr\u00f6m hj\u00e4lte f\u00f6r New York Islanders<\/a>&nbsp;&nbsp;SVT Nyheter<\/li>\n<li><a href=\"https:\/\/news.google.com\/rss\/articles\/CBMinwFBVV95cUxNUW52X0xpR3lRbEE3SUlVNEhYZS1PeVYwSU91SG40bXZqdV8tMHYweUIyS285RzlHamVFTEtXR0p2NktZM0JDRXZDSVp6Z0VKZWVUN1JTb0F1MVNGaE8ybWpyYkN6aV8yY3g5VlM5VWxudFRodFhENjZSRFA1ZW9VMEJtQ2Q2WGNyWVNMekpVNFN5SDRzajVIalM4MDhRb0E?oc=5\" target=\"_blank\" rel=\"nofollow noopener\">Talangen historisk \u2013 sl\u00e5r legendaren<\/a>&nbsp;&nbsp;Expressen<\/li>\n<li><a href=\"https:\/\/news.google.com\/rss\/articles\/CBMibkFVX3lxTE82Vnpqa0lJN2dPbWo2Tnd6MFZCMkJMeXUxWFZSOWFyM1VfRkNrWTN3SkFubjdCX0RBQzZwT0I3Nm51OThKRkNwcnhTVENQa3d3bl9sempEMXFxSWpjVnVpbjlDOTk3RDJheEVkUTVn?oc=5\" target=\"_blank\" rel=\"nofollow noopener\">Supertalangen med tv\u00e5 historiska m\u00e5l<\/a>&nbsp;&nbsp;Bor\u00e5s Tidning<\/li>\n<\/ol>\n","protected":false},"excerpt":{"rendered":"Svensken hyllar nya NHL-fenomenet: &#8221;Roligt att se&#8221;&nbsp;&nbsp;hockeysverige.se Simon Holmstr\u00f6m firades som hj\u00e4lte i natt&nbsp;&nbsp;Aftonbladet Ishockey: Simon Holmstr\u00f6m hj\u00e4lte&hellip;\n","protected":false},"author":2,"featured_media":71313,"comment_status":"","ping_status":"","sticky":false,"template":"","format":"standard","meta":{"footnotes":""},"categories":[5],"tags":[22,23,26,27,17,21,24,25,28,29,15,247,16,18,34,133,31,33,32,30,19,20],"class_list":{"0":"post-71312","1":"post","2":"type-post","3":"status-publish","4":"format-standard","5":"has-post-thumbnail","7":"category-rubriker","8":"tag-breaking-news","9":"tag-breakingnews","10":"tag-featured-news","11":"tag-featurednews","12":"tag-headlines","13":"tag-huvudnyheter","14":"tag-latest-news","15":"tag-latestnews","16":"tag-main-news","17":"tag-mainnews","18":"tag-news","19":"tag-nhl","20":"tag-nyheter","21":"tag-rubriker","22":"tag-se","23":"tag-second-news","24":"tag-svenska","25":"tag-sverige","26":"tag-sweden","27":"tag-swedish","28":"tag-top-stories","29":"tag-topstories"},"share_on_mastodon":{"url":"https:\/\/pubeurope.com\/@se\/115486123865718579","error":""},"_links":{"self":[{"href":"https:\/\/www.europesays.com\/se\/wp-json\/wp\/v2\/posts\/71312","targetHints":{"allow":["GET"]}}],"collection":[{"href":"https:\/\/www.europesays.com\/se\/wp-json\/wp\/v2\/posts"}],"about":[{"href":"https:\/\/www.europesays.com\/se\/wp-json\/wp\/v2\/types\/post"}],"author":[{"embeddable":true,"href":"https:\/\/www.europesays.com\/se\/wp-json\/wp\/v2\/users\/2"}],"replies":[{"embeddable":true,"href":"https:\/\/www.europesays.com\/se\/wp-json\/wp\/v2\/comments?post=71312"}],"version-history":[{"count":0,"href":"https:\/\/www.europesays.com\/se\/wp-json\/wp\/v2\/posts\/71312\/revisions"}],"wp:featuredmedia":[{"embeddable":true,"href":"https:\/\/www.europesays.com\/se\/wp-json\/wp\/v2\/media\/71313"}],"wp:attachment":[{"href":"https:\/\/www.europesays.com\/se\/wp-json\/wp\/v2\/media?parent=71312"}],"wp:term":[{"taxonomy":"category","embeddable":true,"href":"https:\/\/www.europesays.com\/se\/wp-json\/wp\/v2\/categories?post=71312"},{"taxonomy":"post_tag","embeddable":true,"href":"https:\/\/www.europesays.com\/se\/wp-json\/wp\/v2\/tags?post=71312"}],"curies":[{"name":"wp","href":"https:\/\/api.w.org\/{rel}","templated":true}]}}