{"id":71320,"date":"2025-11-03T14:07:31","date_gmt":"2025-11-03T14:07:31","guid":{"rendered":"https:\/\/www.europesays.com\/se\/71320\/"},"modified":"2025-11-03T14:07:31","modified_gmt":"2025-11-03T14:07:31","slug":"bildt-tror-pa-attacker-men-ingen-stor-invasion","status":"publish","type":"post","link":"https:\/\/www.europesays.com\/se\/71320\/","title":{"rendered":"Bildt tror p\u00e5 attacker \u2013 men ingen stor invasion"},"content":{"rendered":"<p>Allt talar f\u00f6r att USA kommer att genomf\u00f6ra attacker inne i Venezuela. Det s\u00e4ger tidigare stats- och utrikesminister Carl Bildt i SVT:s Morgonstudion. Enligt Bildt \u00e4r det uppenbart att Donald Trump planerar n\u00e5gon typ av operation och han gissar att \u201dn\u00e5got\u201d sannolikt redan p\u00e5g\u00e5r.<\/p>\n<p>\u2013 Jag tror inte att han g\u00e5r till n\u00e5gon stor invasion, det v\u00e5gar han inte, det blir f\u00f6r besv\u00e4rligt, s\u00e4ger Bildt.<\/p>\n<p>Han menar att det r\u00f6r sig om en allvarlig situation och en kris, men hoppas att den kan begr\u00e4nsas till den karibiska regionen. <\/p>\n<p>Omni \u00e4r politiskt obundna och oberoende. Vi str\u00e4var efter att ge fler perspektiv p\u00e5 nyheterna. Har du fr\u00e5gor eller synpunkter kring v\u00e5r rapportering? <a href=\"https:\/\/omni.se\/bildt-tror-pa-attacker-men-ingen-stor-invasion\/a\/mailto:redaktion@omni.se\" class=\"ArticleActions_contactLink__W2F1M\" rel=\"nofollow noopener\" target=\"_blank\">Kontakta redaktionen<\/a><\/p>\n","protected":false},"excerpt":{"rendered":"Allt talar f\u00f6r att USA kommer att genomf\u00f6ra attacker inne i Venezuela. Det s\u00e4ger tidigare stats- och utrikesminister&hellip;\n","protected":false},"author":2,"featured_media":71321,"comment_status":"","ping_status":"","sticky":false,"template":"","format":"standard","meta":{"footnotes":""},"categories":[5],"tags":[387,22,23,6438,385,26,27,17,21,24,25,708,28,29,15,268,16,18,34,31,33,32,30,19,20,386,74,2545],"class_list":{"0":"post-71320","1":"post","2":"type-post","3":"status-publish","4":"format-standard","5":"has-post-thumbnail","7":"category-rubriker","8":"tag-amerikansk-politik","9":"tag-breaking-news","10":"tag-breakingnews","11":"tag-carl-bildt","12":"tag-donald-trump","13":"tag-featured-news","14":"tag-featurednews","15":"tag-headlines","16":"tag-huvudnyheter","17":"tag-latest-news","18":"tag-latestnews","19":"tag-latinamerika","20":"tag-main-news","21":"tag-mainnews","22":"tag-news","23":"tag-nordamerika","24":"tag-nyheter","25":"tag-rubriker","26":"tag-se","27":"tag-svenska","28":"tag-sverige","29":"tag-sweden","30":"tag-swedish","31":"tag-top-stories","32":"tag-topstories","33":"tag-trumps-usa","34":"tag-usa","35":"tag-venezuela"},"share_on_mastodon":{"url":"https:\/\/pubeurope.com\/@se\/115486159263899231","error":""},"_links":{"self":[{"href":"https:\/\/www.europesays.com\/se\/wp-json\/wp\/v2\/posts\/71320","targetHints":{"allow":["GET"]}}],"collection":[{"href":"https:\/\/www.europesays.com\/se\/wp-json\/wp\/v2\/posts"}],"about":[{"href":"https:\/\/www.europesays.com\/se\/wp-json\/wp\/v2\/types\/post"}],"author":[{"embeddable":true,"href":"https:\/\/www.europesays.com\/se\/wp-json\/wp\/v2\/users\/2"}],"replies":[{"embeddable":true,"href":"https:\/\/www.europesays.com\/se\/wp-json\/wp\/v2\/comments?post=71320"}],"version-history":[{"count":0,"href":"https:\/\/www.europesays.com\/se\/wp-json\/wp\/v2\/posts\/71320\/revisions"}],"wp:featuredmedia":[{"embeddable":true,"href":"https:\/\/www.europesays.com\/se\/wp-json\/wp\/v2\/media\/71321"}],"wp:attachment":[{"href":"https:\/\/www.europesays.com\/se\/wp-json\/wp\/v2\/media?parent=71320"}],"wp:term":[{"taxonomy":"category","embeddable":true,"href":"https:\/\/www.europesays.com\/se\/wp-json\/wp\/v2\/categories?post=71320"},{"taxonomy":"post_tag","embeddable":true,"href":"https:\/\/www.europesays.com\/se\/wp-json\/wp\/v2\/tags?post=71320"}],"curies":[{"name":"wp","href":"https:\/\/api.w.org\/{rel}","templated":true}]}}