{"id":71339,"date":"2025-11-03T14:27:11","date_gmt":"2025-11-03T14:27:11","guid":{"rendered":"https:\/\/www.europesays.com\/se\/71339\/"},"modified":"2025-11-03T14:27:11","modified_gmt":"2025-11-03T14:27:11","slug":"ema-varnar-for-farliga-forvaxlingar-av-lakemedel","status":"publish","type":"post","link":"https:\/\/www.europesays.com\/se\/71339\/","title":{"rendered":"EMA varnar f\u00f6r farliga f\u00f6rv\u00e4xlingar av l\u00e4kemedel"},"content":{"rendered":"<p>EUs l\u00e4kemedelsmyndighet EMA g\u00e5r ut med en <a href=\"https:\/\/www.ema.europa.eu\/en\/news\/meeting-highlights-pharmacovigilance-risk-assessment-committee-prac-27-30-october-2025\" rel=\"nofollow noopener\" target=\"_blank\">s\u00e4kerhetsvarning<\/a> om risken f\u00f6r farliga f\u00f6rv\u00e4xlingar mellan tranexamsyra f\u00f6r injektion och bed\u00f6vningsmedel. EMAs s\u00e4kerhetskommitt\u00e9 PRAC har utrett flera rapporter fr\u00e5n v\u00e5rden inom EU om fall av s\u00e5dana f\u00f6rv\u00e4xlingar. Man har gett tranexamsyra i eller n\u00e4ra ryggm\u00e4rgskanalen i tron att injektionssprutan inneh\u00f6ll bed\u00f6vningsmedel<\/p>\n<p><strong>Att ge tranexamsyra<\/strong> p\u00e5 detta s\u00e4tt har lett till allvarliga biverkningar och \u00e4ven d\u00f6dsfall, framh\u00e5ller EMA.<\/p>\n<p>Farliga f\u00f6rv\u00e4xlingar har skett<\/p>\n<p>Myndigheten och de nationella l\u00e4kemedelsmyndigheterna g\u00e5r nu ut med en p\u00e5minnelse till v\u00e5rden om att alltid s\u00e4kerst\u00e4lla att tranexamsyra endast ges intraven\u00f6st. Tranexamsyra anv\u00e4nds f\u00f6r att f\u00f6rebygga och minska bl\u00f6dningar hos vuxna och barn fr\u00e5n ett \u00e5rs \u00e5lder. Vid intraven\u00f6s injektion \u00e4r l\u00e4kemedlet s\u00e4kert och effektivt, framh\u00e5ller EMA.<\/p>\n<p><strong>Men om man<\/strong> ger det i eller n\u00e4ra ryggm\u00e4rgskanalen p\u00e5verkar det nervceller i ryggm\u00e4rgen p\u00e5 ett skadligt s\u00e4tt. Bland de biverkningar som har rapporterats finns sv\u00e5r sm\u00e4rta i ryggen och benen, krampanfall och st\u00f6rningar av hj\u00e4rtrytmen.<\/p>\n<p>Manar till stor f\u00f6rsiktighet<\/p>\n<p>I s\u00e4kerhetsmeddelandet uppmanar myndigheterna v\u00e5rdpersonal att tydligt m\u00e4rka sprutor som inneh\u00e5ller tranexamsyra med \u201dendast f\u00f6r intraven\u00f6s anv\u00e4ndning\u201d och att f\u00f6rvara l\u00e4kemedlet separat fr\u00e5n anestetika f\u00f6r att undvika farliga f\u00f6rv\u00e4xlingar under ingrepp.<\/p>\n<p><strong>Produktinformationen och den<\/strong> yttre f\u00f6rpackningen f\u00f6r alla injicerbara beredningar kommer ocks\u00e5 att uppdateras med tydlig betoning p\u00e5 att l\u00e4kemedlet endast f\u00e5r ges intraven\u00f6st.<\/p>\n","protected":false},"excerpt":{"rendered":"EUs l\u00e4kemedelsmyndighet EMA g\u00e5r ut med en s\u00e4kerhetsvarning om risken f\u00f6r farliga f\u00f6rv\u00e4xlingar mellan tranexamsyra f\u00f6r injektion och&hellip;\n","protected":false},"author":2,"featured_media":71340,"comment_status":"","ping_status":"","sticky":false,"template":"","format":"standard","meta":{"footnotes":""},"categories":[69],"tags":[113,112,34,31,33,32,30],"class_list":{"0":"post-71339","1":"post","2":"type-post","3":"status-publish","4":"format-standard","5":"has-post-thumbnail","7":"category-halsa","8":"tag-halsa","9":"tag-health","10":"tag-se","11":"tag-svenska","12":"tag-sverige","13":"tag-sweden","14":"tag-swedish"},"share_on_mastodon":{"url":"https:\/\/pubeurope.com\/@se\/115486237888549701","error":""},"_links":{"self":[{"href":"https:\/\/www.europesays.com\/se\/wp-json\/wp\/v2\/posts\/71339","targetHints":{"allow":["GET"]}}],"collection":[{"href":"https:\/\/www.europesays.com\/se\/wp-json\/wp\/v2\/posts"}],"about":[{"href":"https:\/\/www.europesays.com\/se\/wp-json\/wp\/v2\/types\/post"}],"author":[{"embeddable":true,"href":"https:\/\/www.europesays.com\/se\/wp-json\/wp\/v2\/users\/2"}],"replies":[{"embeddable":true,"href":"https:\/\/www.europesays.com\/se\/wp-json\/wp\/v2\/comments?post=71339"}],"version-history":[{"count":0,"href":"https:\/\/www.europesays.com\/se\/wp-json\/wp\/v2\/posts\/71339\/revisions"}],"wp:featuredmedia":[{"embeddable":true,"href":"https:\/\/www.europesays.com\/se\/wp-json\/wp\/v2\/media\/71340"}],"wp:attachment":[{"href":"https:\/\/www.europesays.com\/se\/wp-json\/wp\/v2\/media?parent=71339"}],"wp:term":[{"taxonomy":"category","embeddable":true,"href":"https:\/\/www.europesays.com\/se\/wp-json\/wp\/v2\/categories?post=71339"},{"taxonomy":"post_tag","embeddable":true,"href":"https:\/\/www.europesays.com\/se\/wp-json\/wp\/v2\/tags?post=71339"}],"curies":[{"name":"wp","href":"https:\/\/api.w.org\/{rel}","templated":true}]}}