{"id":71345,"date":"2025-11-03T14:33:34","date_gmt":"2025-11-03T14:33:34","guid":{"rendered":"https:\/\/www.europesays.com\/se\/71345\/"},"modified":"2025-11-03T14:33:34","modified_gmt":"2025-11-03T14:33:34","slug":"horribelt-att-svenska-pengar-gick-till-hamas","status":"publish","type":"post","link":"https:\/\/www.europesays.com\/se\/71345\/","title":{"rendered":"Horribelt att svenska pengar gick till Hamas"},"content":{"rendered":"<p>Publicerad 2 nov 2025 kl 06.00<\/p>\n<p>Att svenska skattepengar kan ha hamnat i h\u00e4nderna p\u00e5 den islamistiska terrororganisationen Hamas \u00e4r fullst\u00e4ndigt horribelt.\u00a0<\/p>\n<p>Det \u00e4r ett svek mot b\u00e5de svenska skattebetalare och de v\u00e4rderingar v\u00e5rt land vilar p\u00e5, skriver SD.\u00a0<\/p>\n<p><img   alt=\"\"\/><\/p>\n<p>Mattias Karlsson (SD) \u00e4r ordf\u00f6rande i utrikesutskottet.<\/p>\n<p>Foto: Christine Olsson\/TT \/ TT NYHETSBYR\u00c5N<\/p>\n<p>\u00d6ppna bild i helsk\u00e4rm<img loading=\"lazy\"   alt=\"\"\/><\/p>\n<p>Bist\u00e5nds- och utrikeshandelsminister Benjamin Dousa (M).<\/p>\n<p>Foto: Lars Schr\u00f6der\/ TT NYHETSBYR\u00c5N<\/p>\n<p>\u00d6ppna bild i helsk\u00e4rm<\/p>\n<p>Detta \u00e4r en debattartikel. Det \u00e4r skribenten som st\u00e5r f\u00f6r \u00e5sikterna i texten.&#13;<br \/>\n&#13;\n<\/p>\n<p><strong>DEBATT.<\/strong> Under decennier har svenskt bist\u00e5nd pumpats ut \u00f6ver v\u00e4rlden med stolta ord om solidaritet och demokrati, men g\u00e5ng p\u00e5 g\u00e5ng har vi sett hur dessa pengar hamnat fel: hos korrupta regimer, extremistiska r\u00f6relser och, enligt nya uppgifter, m\u00f6jligen till och med hos terrorister som m\u00f6rdar civila kvinnor och barn.<\/p>\n<p>Sverigedemokraterna har l\u00e4nge varnat f\u00f6r att den svenska bist\u00e5ndspolitiken \u00e4r naiv. Den har pr\u00e4glats av en godhet som saknar eftertanke. Vi har tidigare kr\u00e4vt en total genomlysning av bist\u00e5ndet, en sanningskommission som p\u00e5 ett \u00f6ppet och \u00e4rligt s\u00e4tt redovisar vart v\u00e5ra pengar har g\u00e5tt, hur mycket som har sl\u00f6sats bort och framf\u00f6r allt hur mycket som har bidragit till islamismens utbredning.\u00a0<\/p>\n<p>Nu har vi \u00e4nnu en g\u00e5ng n\u00e5tts av uppgifter som tyder p\u00e5 att v\u00e5ra farh\u00e5gor varit befogade.<\/p>\n<p>Det finns ingenting som urs\u00e4ktar att svenska skattemedel p\u00e5 n\u00e5got s\u00e4tt ens indirekt kan ha st\u00e4rkt <a href=\"https:\/\/www.expressen.se\/tagg\/organization\/hamas\/\" class=\"\" rel=\"nofollow noopener\" target=\"_blank\">Hamas<\/a>. Den 7 oktober bevittnade v\u00e4rlden vad Hamas st\u00e5r f\u00f6r: tortyr, v\u00e5ldt\u00e4kter, halshuggningar, kidnappningar av civila.\u00a0<\/p>\n<p>Det var en orgie i barbari, en attack som visade en fullst\u00e4ndig likgiltighet inf\u00f6r judiska liv. Att det nu finns en misstanke om att svenska pengar kan ha bidragit till att denna organisation kunnat v\u00e4xa sig starkare \u00e4r en nationell skandal.<\/p>\n<p>Aktivt blundat<\/p>\n<p>Sida har ett tydligt ansvar. N\u00e4r regeringen g\u00e5ng p\u00e5 g\u00e5ng bett om redovisning, n\u00e4r uppf\u00f6ljning och kontroll efterfr\u00e5gats, har svaret varit att allt st\u00e5r r\u00e4tt till. Det g\u00f6r det uppenbarligen inte. Antingen har Sida inte haft kontroll eller s\u00e5 har man aktivt blundat f\u00f6r farorna. I b\u00e5da fallen \u00e4r det oacceptabelt. Svenska myndigheter ska tj\u00e4na svenska intressen, inte skydda sina egna misstag bakom ett lager av byr\u00e5kratisk dimrid\u00e5.<\/p>\n<p>Sverigedemokraterna kr\u00e4ver full transparens. Vi kommer att kalla Sidas generaldirekt\u00f6r till utrikesutskottet f\u00f6r att redog\u00f6ra f\u00f6r vad som har h\u00e4nt, vilka rutiner som brustit och hur den h\u00e4r situationen har kunnat uppst\u00e5 trots alla varningar.\u00a0<\/p>\n<p>Men det r\u00e4cker inte med tillf\u00e4lliga f\u00f6rklaringar. Vi beh\u00f6ver ett permanent system f\u00f6r ansvar och insyn. D\u00e4rf\u00f6r upprepar vi v\u00e5rt krav p\u00e5 en sanningskommission: en oberoende granskning av hela det svenska bist\u00e5ndet fr\u00e5n topp till botten.<\/p>\n<p>Inte enstaka misstag<\/p>\n<p>Det handlar inte bara om enstaka misstag. Det handlar om ett systemfel, en kultur inom bist\u00e5ndsetablissemanget d\u00e4r pengar delas ut i godhetens namn utan krav p\u00e5 resultat, utan kontroll, utan konsekvens. Den tiden m\u00e5ste vara f\u00f6rbi. Svenskt bist\u00e5nd f\u00e5r aldrig vara en kassako f\u00f6r islamister eller f\u00f6r organisationer som st\u00e5r i n\u00e4ra relation till terrorgrupper.<\/p>\n<p>Annons<\/p>\n<p>Vi beh\u00f6ver en ny bist\u00e5ndspolitik som s\u00e4tter svenska intressen f\u00f6rst, som hj\u00e4lper m\u00e4nniskor p\u00e5 riktigt men som inte st\u00f6der dem som vill krossa demokratin. Kan vi inte garantera att varje krona g\u00e5r till r\u00e4tt \u00e4ndam\u00e5l, d\u00e5 ska den inte delas ut alls.<\/p>\n<p>Det \u00e4r dags att s\u00e4ga sanningen: Sverige har i sin iver att framst\u00e5 som en moralisk stormakt blundat f\u00f6r konsekvenserna av ett okritiskt bist\u00e5nd, ett bist\u00e5nd som riskerar att st\u00e4rka de ideologier som st\u00e5r i direkt motsats till v\u00e5ra v\u00e4rderingar om frihet, j\u00e4mlikhet och demokrati. Nu m\u00e5ste sanningen om svenskt bist\u00e5nd fram. D\u00e4rf\u00f6r kr\u00e4ver vi en sanningskommission, en n\u00f6dv\u00e4ndig uppg\u00f6relse med \u00e5rtionden av naivitet.<\/p>\n<p><strong>Av Mattias Karlsson (SD)<\/strong><\/p>\n<p>ordf\u00f6rande i utrikesutskottet<\/p>\n","protected":false},"excerpt":{"rendered":"Publicerad 2 nov 2025 kl 06.00 Att svenska skattepengar kan ha hamnat i h\u00e4nderna p\u00e5 den islamistiska terrororganisationen&hellip;\n","protected":false},"author":2,"featured_media":71346,"comment_status":"","ping_status":"","sticky":false,"template":"","format":"standard","meta":{"footnotes":""},"categories":[12],"tags":[22,23,26,27,17,21,24,25,28,29,15,16,1806,5911,38,5910,18,34,31,33,32,30,19,5912,20],"class_list":{"0":"post-71345","1":"post","2":"type-post","3":"status-publish","4":"format-standard","5":"has-post-thumbnail","7":"category-sverige","8":"tag-breaking-news","9":"tag-breakingnews","10":"tag-featured-news","11":"tag-featurednews","12":"tag-headlines","13":"tag-huvudnyheter","14":"tag-latest-news","15":"tag-latestnews","16":"tag-main-news","17":"tag-mainnews","18":"tag-news","19":"tag-nyheter","20":"tag-organization-hamas","21":"tag-organization-sida","22":"tag-organization-sverigedemokraterna","23":"tag-person-mattias-karlsson","24":"tag-rubriker","25":"tag-se","26":"tag-svenska","27":"tag-sverige","28":"tag-sweden","29":"tag-swedish","30":"tag-top-stories","31":"tag-topic-bistand","32":"tag-topstories"},"share_on_mastodon":{"url":"https:\/\/pubeurope.com\/@se\/115486261611669082","error":""},"_links":{"self":[{"href":"https:\/\/www.europesays.com\/se\/wp-json\/wp\/v2\/posts\/71345","targetHints":{"allow":["GET"]}}],"collection":[{"href":"https:\/\/www.europesays.com\/se\/wp-json\/wp\/v2\/posts"}],"about":[{"href":"https:\/\/www.europesays.com\/se\/wp-json\/wp\/v2\/types\/post"}],"author":[{"embeddable":true,"href":"https:\/\/www.europesays.com\/se\/wp-json\/wp\/v2\/users\/2"}],"replies":[{"embeddable":true,"href":"https:\/\/www.europesays.com\/se\/wp-json\/wp\/v2\/comments?post=71345"}],"version-history":[{"count":0,"href":"https:\/\/www.europesays.com\/se\/wp-json\/wp\/v2\/posts\/71345\/revisions"}],"wp:featuredmedia":[{"embeddable":true,"href":"https:\/\/www.europesays.com\/se\/wp-json\/wp\/v2\/media\/71346"}],"wp:attachment":[{"href":"https:\/\/www.europesays.com\/se\/wp-json\/wp\/v2\/media?parent=71345"}],"wp:term":[{"taxonomy":"category","embeddable":true,"href":"https:\/\/www.europesays.com\/se\/wp-json\/wp\/v2\/categories?post=71345"},{"taxonomy":"post_tag","embeddable":true,"href":"https:\/\/www.europesays.com\/se\/wp-json\/wp\/v2\/tags?post=71345"}],"curies":[{"name":"wp","href":"https:\/\/api.w.org\/{rel}","templated":true}]}}