{"id":71349,"date":"2025-11-03T14:35:10","date_gmt":"2025-11-03T14:35:10","guid":{"rendered":"https:\/\/www.europesays.com\/se\/71349\/"},"modified":"2025-11-03T14:35:10","modified_gmt":"2025-11-03T14:35:10","slug":"625-miljoner-fran-vetenskapsradet-till-medh-forskare","status":"publish","type":"post","link":"https:\/\/www.europesays.com\/se\/71349\/","title":{"rendered":"62,5 miljoner fr\u00e5n Vetenskapsr\u00e5det till MedH-forskare"},"content":{"rendered":"<p><a href=\"https:\/\/ki.se\/personer\/lauri-aaltonen\" data-entity-type=\"external\" rel=\"nofollow noopener\" target=\"_blank\">Lauri Aaltonen<\/a>, ICCA<br \/>Beviljas projektbidrag p\u00e5 5 400 000 SEK, \u00f6ver 4 \u00e5r.\u00a0<br \/>Projekttitel: Studier av genf\u00f6r\u00e4ndring som kan leda till tarmcancer och kopplas till D-vitamin<\/p>\n<p><a href=\"https:\/\/ki.se\/personer\/christer-betsholtz\" data-entity-type=\"external\" rel=\"nofollow noopener\" target=\"_blank\">Christer Betsholtz<\/a>, ICCA<br \/>Beviljas projektbidrag p\u00e5 5 400 000 SEK, \u00f6ver 4 \u00e5r.\u00a0<br \/>Projekttitel: V\u00e4vnadsbarri\u00e4rer i h\u00e4lsa och sjukdom<\/p>\n<p><a href=\"https:\/\/ki.se\/personer\/tessa-campbell\" data-entity-type=\"external\" rel=\"nofollow noopener\" target=\"_blank\">Tessa Campbell<\/a>, HERM<br \/>Beviljas etableringsbidrag p\u00e5 6 000 000 SEK, \u00f6ver 4 \u00e5r.<br \/>Projekttitel: Kartl\u00e4ggning av infektionsk\u00e4nslighet f\u00f6r respiratoriska virus vid \u00e5ldrande genom medf\u00f6dda immunbrister<\/p>\n<p><a href=\"https:\/\/ki.se\/personer\/antonino-cassotta\" data-entity-type=\"external\" rel=\"nofollow noopener\" target=\"_blank\">Antonino Cassotta<\/a>, HERM<br \/>Beviljas etableringsbidrag p\u00e5 6 000 000 SEK, \u00f6ver 4 \u00e5r.\u00a0<br \/>Projekttitel: Dissektion av tum\u00f6rreaktiva T-celler f\u00f6r att utveckla TCR-baserade immunterapier f\u00f6r multipelt myelom<\/p>\n<p><a href=\"https:\/\/ki.se\/personer\/hannes-hagstrom\" data-entity-type=\"external\" rel=\"nofollow noopener\" target=\"_blank\">Hannes Hagstr\u00f6m<\/a>, GUT<br \/>Beviljas projektbidrag p\u00e5 5 400 000 SEK, \u00f6ver 4 \u00e5r.\u00a0<br \/>Projekttitel: Kliniska och epidemiologiska studier av leversjukdom<\/p>\n<p><a href=\"https:\/\/ki.se\/personer\/eva-hellstrom-lindberg\" data-entity-type=\"external\" rel=\"nofollow noopener\" target=\"_blank\">Eva Hellstr\u00f6m Lindberg<\/a>, HERM<br \/>Beviljas projektbidrag p\u00e5 3 000 000 SEK, \u00f6ver 3 \u00e5r.\u00a0<br \/>Projekttitel: Sjukdomsmekanismer\u00a0 och molekyl\u00e4rt riktad behandling vid myelodysplastiskt syndrom<\/p>\n<p><a href=\"https:\/\/ki.se\/personer\/kalle-malmberg\" data-entity-type=\"external\" rel=\"nofollow noopener\" target=\"_blank\">Karl-Johan Malmberg<\/a>, CIM<br \/>Beviljas projektbidrag p\u00e5 8 500 000 SEK, \u00f6ver 5 \u00e5r.\u00a0<br \/>Projekttitel: Cellterapi mot cancer baserat p\u00e5 det medf\u00f6dda immunf\u00f6rsvaret<\/p>\n<p><a href=\"https:\/\/ki.se\/personer\/aline-pfefferle\" data-entity-type=\"external\" rel=\"nofollow noopener\" target=\"_blank\">Aline Pfefferle<\/a>, CIM<br \/>Beviljas etableringsbidrag p\u00e5 6 000 000 SEK, \u00f6ver 4 \u00e5r.<br \/>Projekttitel: P\u00e5 insidan av en m\u00f6rdare \u2013 Vesikul\u00e4r transportdynamik i naturliga m\u00f6rdarceller<\/p>\n<p><a href=\"https:\/\/ki.se\/personer\/hong-qian\" data-entity-type=\"external\" rel=\"nofollow noopener\" target=\"_blank\">Hong Qian<\/a>, HERM<br \/>Beviljas projektbidrag p\u00e5 5 400 000 SEK, \u00f6ver 4 \u00e5r.<br \/>Projekttitel: Hitta nya behandlingsm\u00e5l i leukemins mikromilj\u00f6<\/p>\n<p><a href=\"https:\/\/ki.se\/personer\/staffan-stromblad\" data-entity-type=\"external\" rel=\"nofollow noopener\" target=\"_blank\">Staffan Str\u00f6mblad<\/a>, ICCA<br \/>Beviljas projektbidrag p\u00e5 5 400 000 SEK, \u00f6ver 4 \u00e5r.\u00a0<br \/>Projekttitel: Cell-Matrix-Interaktioner i Cancer<\/p>\n<p><a href=\"https:\/\/ki.se\/personer\/michael-uhlin\" data-entity-type=\"external\" rel=\"nofollow noopener\" target=\"_blank\">Michael Uhlin<\/a>, HERM<br \/>Beviljas projektbidrag p\u00e5 3 000 000 SEK, \u00f6ver 3 \u00e5r.\u00a0<br \/>Projekttitel: Gamma Delta T-cellers roll i Cancer och immunterapi<\/p>\n<p><a href=\"https:\/\/ki.se\/personer\/petter-woll\" data-entity-type=\"external\" rel=\"nofollow noopener\" target=\"_blank\">Petter Woll<\/a>, HERM<br \/>Beviljas projektbidrag p\u00e5 3 000 000 SEK, \u00f6ver 3 \u00e5r.\u00a0<br \/>Projekttitel: Mekanismer f\u00f6r immun-resistans vid TP53-muterad myeloid leukemi<\/p>\n","protected":false},"excerpt":{"rendered":"Lauri Aaltonen, ICCABeviljas projektbidrag p\u00e5 5 400 000 SEK, \u00f6ver 4 \u00e5r.\u00a0Projekttitel: Studier av genf\u00f6r\u00e4ndring som kan leda&hellip;\n","protected":false},"author":2,"featured_media":71350,"comment_status":"","ping_status":"","sticky":false,"template":"","format":"standard","meta":{"footnotes":""},"categories":[69],"tags":[113,112,34,31,33,32,30],"class_list":{"0":"post-71349","1":"post","2":"type-post","3":"status-publish","4":"format-standard","5":"has-post-thumbnail","7":"category-halsa","8":"tag-halsa","9":"tag-health","10":"tag-se","11":"tag-svenska","12":"tag-sverige","13":"tag-sweden","14":"tag-swedish"},"share_on_mastodon":{"url":"https:\/\/pubeurope.com\/@se\/115486269428819938","error":""},"_links":{"self":[{"href":"https:\/\/www.europesays.com\/se\/wp-json\/wp\/v2\/posts\/71349","targetHints":{"allow":["GET"]}}],"collection":[{"href":"https:\/\/www.europesays.com\/se\/wp-json\/wp\/v2\/posts"}],"about":[{"href":"https:\/\/www.europesays.com\/se\/wp-json\/wp\/v2\/types\/post"}],"author":[{"embeddable":true,"href":"https:\/\/www.europesays.com\/se\/wp-json\/wp\/v2\/users\/2"}],"replies":[{"embeddable":true,"href":"https:\/\/www.europesays.com\/se\/wp-json\/wp\/v2\/comments?post=71349"}],"version-history":[{"count":0,"href":"https:\/\/www.europesays.com\/se\/wp-json\/wp\/v2\/posts\/71349\/revisions"}],"wp:featuredmedia":[{"embeddable":true,"href":"https:\/\/www.europesays.com\/se\/wp-json\/wp\/v2\/media\/71350"}],"wp:attachment":[{"href":"https:\/\/www.europesays.com\/se\/wp-json\/wp\/v2\/media?parent=71349"}],"wp:term":[{"taxonomy":"category","embeddable":true,"href":"https:\/\/www.europesays.com\/se\/wp-json\/wp\/v2\/categories?post=71349"},{"taxonomy":"post_tag","embeddable":true,"href":"https:\/\/www.europesays.com\/se\/wp-json\/wp\/v2\/tags?post=71349"}],"curies":[{"name":"wp","href":"https:\/\/api.w.org\/{rel}","templated":true}]}}