{"id":71352,"date":"2025-11-03T14:37:14","date_gmt":"2025-11-03T14:37:14","guid":{"rendered":"https:\/\/www.europesays.com\/se\/71352\/"},"modified":"2025-11-03T14:37:14","modified_gmt":"2025-11-03T14:37:14","slug":"little-jinder-och-jonatan-unge-ar-ihop","status":"publish","type":"post","link":"https:\/\/www.europesays.com\/se\/71352\/","title":{"rendered":"Little Jinder och Jonatan Unge \u00e4r ihop"},"content":{"rendered":"<p>Publicerad 3 nov 2025 kl 15.21<\/p>\n<p>Artisten Little Jinder och komikern Jonatan Unge har funnit varandra.\u00a0<\/p>\n<p>F\u00f6r Expressen bekr\u00e4ftar Jinder att de tv\u00e5 \u00e4r ett k\u00e4rlekspar.\u00a0<\/p>\n<p><img   alt=\"\"\/><\/p>\n<p>Little Jinder.<\/p>\n<p>Foto: OLLE SPORRONG \/ EXPRESSEN EXPRESSEN<\/p>\n<p>\u00d6ppna bild i helsk\u00e4rm<img loading=\"lazy\"   alt=\"\"\/><\/p>\n<p>Jonatan Unge.<\/p>\n<p>Foto: Karin T\u00f6rnblom \/ IBL<\/p>\n<p>\u00d6ppna bild i helsk\u00e4rm<img loading=\"lazy\"   alt=\"\"\/><\/p>\n<p>Jonatan Unge \u00e4r komiker.<\/p>\n<p>Foto: SVEN LINDWALL<\/p>\n<p>\u00d6ppna bild i helsk\u00e4rm<\/p>\n<p>Artisten Josefine \u201d<a href=\"https:\/\/www.expressen.se\/tagg\/person\/little-jinder\/\" class=\"\" rel=\"nofollow noopener\" target=\"_blank\">Little Jinder<\/a>\u201d Jinder, 37, ber\u00e4ttade i somras att hon och Viggo Eklund, 22, gjort slut.\u00a0<\/p>\n<p>\u201dSommaren \u00e4r inst\u00e4lld\u201d, skrev hon d\u00e5 i en <a href=\"https:\/\/www.expressen.se\/kultur\/josefine-jinder\/sommaren-ar-installd-jag-vill-bara-sorja\/\" rel=\"nofollow noopener\" target=\"_blank\">kr\u00f6nika i Expressen.<\/a>\u00a0<\/p>\n<p>Nu har Little Jinder hittat k\u00e4rleken och det i komikern och radioprofilen Jonatan Unge, 46.\u00a0<\/p>\n<p><strong>Jag har f\u00f6rst\u00e5tt att du och Jonatan \u00e4r ett par, \u00e4r det l\u00e4ge att s\u00e4ga grattis?<\/strong><\/p>\n<p>\u201dJag h\u00f6rde honom precis s\u00e4ga det till TT s\u00e5 jag antar det!\u201d, skriver artisten i ett sms.\u00a0<\/p>\n<p>\u00c4ven Unge, som bland annat vunnit \u201dP\u00e5 sp\u00e5ret\u201d, l\u00e4mnade en relation i somras.\u00a0<\/p>\n<p>\u201dHar bara det vanliga tr\u00e5kiga att s\u00e4ga: skiljs som v\u00e4nner, barnens b\u00e4sta och att ingen av oss har ett i alla fall aktivt kokainmissbruk\u201d, skrev Unge d\u00e5 i en kommentar till Aftonbladet.<\/p>\n","protected":false},"excerpt":{"rendered":"Publicerad 3 nov 2025 kl 15.21 Artisten Little Jinder och komikern Jonatan Unge har funnit varandra.\u00a0 F\u00f6r Expressen&hellip;\n","protected":false},"author":2,"featured_media":71353,"comment_status":"","ping_status":"","sticky":false,"template":"","format":"standard","meta":{"footnotes":""},"categories":[67],"tags":[104,6443,6441,6442,34,31,33,32,30,310,547,105],"class_list":{"0":"post-71352","1":"post","2":"type-post","3":"status-publish","4":"format-standard","5":"has-post-thumbnail","7":"category-underhallning","8":"tag-entertainment","9":"tag-person-jonatan-unge","10":"tag-person-josefine-jinder","11":"tag-person-little-jinder","12":"tag-se","13":"tag-svenska","14":"tag-sverige","15":"tag-sweden","16":"tag-swedish","17":"tag-topic-kandisar","18":"tag-topic-karlek-relationer","19":"tag-underhallning"},"share_on_mastodon":{"url":"https:\/\/pubeurope.com\/@se\/115486277253547238","error":""},"_links":{"self":[{"href":"https:\/\/www.europesays.com\/se\/wp-json\/wp\/v2\/posts\/71352","targetHints":{"allow":["GET"]}}],"collection":[{"href":"https:\/\/www.europesays.com\/se\/wp-json\/wp\/v2\/posts"}],"about":[{"href":"https:\/\/www.europesays.com\/se\/wp-json\/wp\/v2\/types\/post"}],"author":[{"embeddable":true,"href":"https:\/\/www.europesays.com\/se\/wp-json\/wp\/v2\/users\/2"}],"replies":[{"embeddable":true,"href":"https:\/\/www.europesays.com\/se\/wp-json\/wp\/v2\/comments?post=71352"}],"version-history":[{"count":0,"href":"https:\/\/www.europesays.com\/se\/wp-json\/wp\/v2\/posts\/71352\/revisions"}],"wp:featuredmedia":[{"embeddable":true,"href":"https:\/\/www.europesays.com\/se\/wp-json\/wp\/v2\/media\/71353"}],"wp:attachment":[{"href":"https:\/\/www.europesays.com\/se\/wp-json\/wp\/v2\/media?parent=71352"}],"wp:term":[{"taxonomy":"category","embeddable":true,"href":"https:\/\/www.europesays.com\/se\/wp-json\/wp\/v2\/categories?post=71352"},{"taxonomy":"post_tag","embeddable":true,"href":"https:\/\/www.europesays.com\/se\/wp-json\/wp\/v2\/tags?post=71352"}],"curies":[{"name":"wp","href":"https:\/\/api.w.org\/{rel}","templated":true}]}}