{"id":71368,"date":"2025-11-03T14:50:08","date_gmt":"2025-11-03T14:50:08","guid":{"rendered":"https:\/\/www.europesays.com\/se\/71368\/"},"modified":"2025-11-03T14:50:08","modified_gmt":"2025-11-03T14:50:08","slug":"ingen-avgift-for-uteserveringar-och-evenemang","status":"publish","type":"post","link":"https:\/\/www.europesays.com\/se\/71368\/","title":{"rendered":"Ingen avgift f\u00f6r uteserveringar och evenemang"},"content":{"rendered":"<p class=\"normal\">\u2013 Vi vill ta bort de hinder vi kan f\u00f6r att fr\u00e4mja stadslivet och bidra till en trevligare och mer levande stad, b\u00e5de f\u00f6r H\u00e4rn\u00f6sandsbor och bes\u00f6kare, s\u00e4ger samh\u00e4llsn\u00e4mndens ordf\u00f6rande Helena Elfvendal (MP).<\/p>\n<p class=\"normal\">Det var en enig n\u00e4mnd som godk\u00e4nde majoritetens f\u00f6rslag. Lika enig var den till oppositionens f\u00f6rslag att inte h\u00f6ja plan- och byggtaxorna f\u00f6r 2026. Det blir allts\u00e5 samma avgifter f\u00f6r till exempel bygglov n\u00e4sta \u00e5r som i \u00e5r.<\/p>\n<p class=\"normal\">N\u00e4mnden gav ocks\u00e5 samh\u00e4llsf\u00f6rvaltningen i uppdrag att g\u00f6ra en st\u00f6rre \u00f6versyn av taxor och avgifter.<\/p>\n<p class=\"normal\">\u2013 V\u00e5ra taxor f\u00f6r\u00e4ndras i takt med att det kommer ny lagstiftning, v\u00e5rt uppdrag f\u00f6r\u00e4ndras och samh\u00e4llet utvecklas och efter ett tag kan det bli lite otydligt. Nu ger vi f\u00f6rvaltningen ett \u00f6vergripande uppdrag att se \u00f6ver taxorna f\u00f6r att se till att det alltid \u00e4r tydligt vad jag ska betala f\u00f6r, n\u00e4r jag \u00e4r skyldig att betala och hur mycket, s\u00e4ger Hans Rosengren (S), samh\u00e4llsn\u00e4mndens f\u00f6rste vice ordf\u00f6rande.<\/p>\n<p class=\"normal\">\u00d6versynen ska vara klar i juni 2026.<\/p>\n","protected":false},"excerpt":{"rendered":"\u2013 Vi vill ta bort de hinder vi kan f\u00f6r att fr\u00e4mja stadslivet och bidra till en trevligare&hellip;\n","protected":false},"author":2,"featured_media":71369,"comment_status":"","ping_status":"","sticky":false,"template":"","format":"standard","meta":{"footnotes":""},"categories":[12],"tags":[22,23,6448,1937,3039,26,27,17,21,1591,24,25,28,29,15,16,6449,18,6446,34,31,33,32,30,6447,19,20,6445],"class_list":{"0":"post-71368","1":"post","2":"type-post","3":"status-publish","4":"format-standard","5":"has-post-thumbnail","7":"category-sverige","8":"tag-breaking-news","9":"tag-breakingnews","10":"tag-bygglov","11":"tag-evenemang","12":"tag-event","13":"tag-featured-news","14":"tag-featurednews","15":"tag-headlines","16":"tag-huvudnyheter","17":"tag-konsert","18":"tag-latest-news","19":"tag-latestnews","20":"tag-main-news","21":"tag-mainnews","22":"tag-news","23":"tag-nyheter","24":"tag-plan-och-bygg","25":"tag-rubriker","26":"tag-samhallsnamnden","27":"tag-se","28":"tag-svenska","29":"tag-sverige","30":"tag-sweden","31":"tag-swedish","32":"tag-taxa","33":"tag-top-stories","34":"tag-topstories","35":"tag-uteservering"},"share_on_mastodon":{"url":"https:\/\/pubeurope.com\/@se\/115486328582695481","error":""},"_links":{"self":[{"href":"https:\/\/www.europesays.com\/se\/wp-json\/wp\/v2\/posts\/71368","targetHints":{"allow":["GET"]}}],"collection":[{"href":"https:\/\/www.europesays.com\/se\/wp-json\/wp\/v2\/posts"}],"about":[{"href":"https:\/\/www.europesays.com\/se\/wp-json\/wp\/v2\/types\/post"}],"author":[{"embeddable":true,"href":"https:\/\/www.europesays.com\/se\/wp-json\/wp\/v2\/users\/2"}],"replies":[{"embeddable":true,"href":"https:\/\/www.europesays.com\/se\/wp-json\/wp\/v2\/comments?post=71368"}],"version-history":[{"count":0,"href":"https:\/\/www.europesays.com\/se\/wp-json\/wp\/v2\/posts\/71368\/revisions"}],"wp:featuredmedia":[{"embeddable":true,"href":"https:\/\/www.europesays.com\/se\/wp-json\/wp\/v2\/media\/71369"}],"wp:attachment":[{"href":"https:\/\/www.europesays.com\/se\/wp-json\/wp\/v2\/media?parent=71368"}],"wp:term":[{"taxonomy":"category","embeddable":true,"href":"https:\/\/www.europesays.com\/se\/wp-json\/wp\/v2\/categories?post=71368"},{"taxonomy":"post_tag","embeddable":true,"href":"https:\/\/www.europesays.com\/se\/wp-json\/wp\/v2\/tags?post=71368"}],"curies":[{"name":"wp","href":"https:\/\/api.w.org\/{rel}","templated":true}]}}