{"id":71385,"date":"2025-11-03T15:00:10","date_gmt":"2025-11-03T15:00:10","guid":{"rendered":"https:\/\/www.europesays.com\/se\/71385\/"},"modified":"2025-11-03T15:00:10","modified_gmt":"2025-11-03T15:00:10","slug":"region-vasternorrland-fokus-pa-psykisk-halsa","status":"publish","type":"post","link":"https:\/\/www.europesays.com\/se\/71385\/","title":{"rendered":"Region V\u00e4sternorrland &#8211; Fokus p\u00e5 psykisk h\u00e4lsa"},"content":{"rendered":"<p>\n                                                Samtal, f\u00f6rel\u00e4sningar och m\u00f6ten som ger b\u00e5de kunskap och hopp. Under den nationella psykiatriveckan bjuder Region V\u00e4sternorrland tillsammans med flera lokala akt\u00f6rer in till aktiviteter i \u00d6rnsk\u00f6ldsvik och Sollefte\u00e5\n                                            <\/p>\n<p>Den nationella psykiatriveckan, eller Psykeveckan som den ocks\u00e5 kallas, uppm\u00e4rksammas i \u00e5r den 3\u20139 november. I V\u00e4sternorrland sker arrangemang som p\u00e5 olika s\u00e4tt tar upp psykisk h\u00e4lsa i \u00d6rnsk\u00f6ldsvik och Sollefte\u00e5. Programmen omfattar f\u00f6rel\u00e4sningar, samtal och aktiviteter som vill \u00f6ka f\u00f6rst\u00e5elsen f\u00f6r psykisk oh\u00e4lsa \u2013 och visa v\u00e4gar till hopp och \u00e5terh\u00e4mtning.<\/p>\n<p>I \u00d6rnsk\u00f6ldsvik arrangerar Region V\u00e4sternorrland psykeveckan i tillsammans med \u00d6rnsk\u00f6ldsviks kommun, Samordningsf\u00f6rbundet och en l\u00e5ng rad andra akt\u00f6rer. I Sollefte\u00e5 samarbetar Region V\u00e4sternorrland och Sollefte\u00e5 kommun med Samordningsf\u00f6rbundet.<\/p>\n<p>Till skillnad fr\u00e5n f\u00f6rra \u00e5ret kommer regionen inte ha n\u00e5got program i Sundsvall, Timr\u00e5, \u00c5nge och H\u00e4rn\u00f6sand \u2013 omr\u00e5den som i fjol arrangerade veckan tillsammans med samordningsf\u00f6rbundet och NSPH \u2013 utan v\u00e4ljer att satsa p\u00e5 n\u00e4sta \u00e5r i st\u00e4llet.<\/p>\n<p>Nytt digitalt st\u00f6d f\u00f6r barn\u00a0<\/p>\n<p>I \u00d6rnsk\u00f6ldsvik \u00e4r \u00e5rets tema \u201dKraften i gemenskapen\u201d. Programmet vill visa hur m\u00f6ten, kunskap och delade erfarenheter kan bidra till b\u00e4ttre psykisk h\u00e4lsa.<\/p>\n<p>En av veckans starkaste inslag \u00e4r en personlig ber\u00e4ttelse om v\u00e4gen tillbaka efter ett suicidf\u00f6rs\u00f6k \u2013 en f\u00f6rel\u00e4sning som b\u00e5de ber\u00f6r och inger hopp. Ett annat fokus \u00e4r barnens perspektiv. I samband med lanseringen av st\u00f6dportalen &#8221;Jobbigt hemma&#8221; ber\u00e4ttas om hur barn p\u00e5verkas n\u00e4r en f\u00f6r\u00e4lder lever med psykisk sjukdom eller beroende, och hur vuxna kan bli b\u00e4ttre p\u00e5 att m\u00f6ta dem.<\/p>\n<p>Publiken f\u00e5r ocks\u00e5 chans att l\u00e4ra mer om hj\u00e4rntr\u00f6tthet och instabilt personlighetssyndrom, och h\u00f6ra polisen ber\u00e4tta om riskerna p\u00e5 n\u00e4tet f\u00f6r barn och unga. Dessutom bjuds p\u00e5 inspiration om hur kost, r\u00f6relse och gemenskap kan st\u00e4rka b\u00e5de kropp och sj\u00e4l.\u00a0 Hela programmet f\u00f6r psykeveckan i \u00d6rnsk\u00f6ldsvik hittar du i l\u00e4nken h\u00e4r:\u00a0<a href=\"https:\/\/finsamornskoldsvik.se\/arrangemang\/psykeveckan2025\/#program\" rel=\"nofollow noopener\" target=\"_blank\">Psykeveckan 2025 \u2013 Samordningsf\u00f6rbundet i \u00d6rnsk\u00f6ldsvik<\/a><\/p>\n<p>Skuggsyskon i Sollefte\u00e5<\/p>\n<p>I Sollefte\u00e5 g\u00e5r veckan under namnet &#8221;Fokus: Psykisk h\u00e4lsa&#8221;. H\u00e4r lyfts fr\u00e5gor som l\u00e5ngvarig sm\u00e4rta, barns och ungas m\u00e5ende samt hur s\u00f6mn, kost och r\u00f6relse p\u00e5verkar v\u00e5r h\u00e4lsa.<\/p>\n<p>Veckan inneh\u00e5ller ocks\u00e5 den uppm\u00e4rksammade pj\u00e4sen Skuggsyskon, som ger r\u00f6st \u00e5t dem som vuxit upp i skuggan av ett syskon med stora behov, och en f\u00f6rel\u00e4sning om hur vuxna kan hj\u00e4lpa barn att undvika droger.<\/p>\n<p>Alla aktiviteter \u00e4r kostnadsfria och \u00f6ppna f\u00f6r alla.<\/p>\n<p>\u00a0<\/p>\n<p>Programmet f\u00f6r &#8221;Fokus: Psykisk h\u00e4lsa&#8221; i Sollefte\u00e5:<\/p>\n<p>M\u00c5NDAG 3 NOVEMBER<br \/>Kl. 18:30-19.30 Att leva med sm\u00e4rta \u2013 vad inneb\u00e4r sm\u00e4rta och vad kan jag g\u00f6ra sj\u00e4lv?<br \/>Sm\u00e4rta p\u00e5verkar livet \u2013 fysiskt, psykiskt och socialt. Amanda \u00d6hrling och Malin J\u00f6nsson, fysioterapeuter p\u00e5 Livstilsmedicin \u00d6ster\u00e5sen delar med sig av kunskap om l\u00e5ngvarig sm\u00e4rta och hur man kan hantera den i vardagen.<br \/>Plats: Hullsta G\u00e5rd<\/p>\n<p>TISDAG 4 NOVEMBER<br \/>Kl. 12.00-13.00 Lunchf\u00f6rel\u00e4sning med Barn- &amp; ungdomsentr\u00e9n (BUE), Region V\u00e4sternorrland<br \/>Vad kan vi g\u00f6ra n\u00e4r v\u00e5ra barn och unga inte m\u00e5r bra? BUE ber\u00e4ttar om sitt uppdrag och vilket st\u00f6d de kan ge till barn, ungdomar och f\u00f6r\u00e4ldrar. I samband med f\u00f6rel\u00e4sningen bjuder Fik i Butik de 40 f\u00f6rsta deltagarna p\u00e5 sm\u00f6rg\u00e5s, Svenska Kyrkan bjuder p\u00e5 kaffe och kaka.<br \/>Plats: Sollefte\u00e5 bibliotek<\/p>\n<p>Kl. 18.30-19.30 Sova, \u00e4ta &amp; r\u00f6ra sig bra \u2013 varf\u00f6r \u00e4r det s\u00e5 sv\u00e5rt?<br \/>Utan pekpinnar f\u00f6rel\u00e4ser Ninni Engblom, Livstilsmedicin \u00d6ster\u00e5sen, om hur mat, s\u00f6mn och r\u00f6relse p\u00e5verkar hur vi m\u00e5r. F\u00f6rel\u00e4sningen ger ocks\u00e5 konkreta tips p\u00e5 sm\u00e5 f\u00f6r\u00e4ndringar i v\u00e5r vardag som kan g\u00f6ra stor skillnad i hur vi m\u00e5r.<br \/>Plats: Tornhallen, Sollefte\u00e5 (f.d. Missionskyrkan)<\/p>\n<p>ONSDAG 5 NOVEMBER<br \/>Kl. 14-15 Sova, \u00e4ta &amp; r\u00f6ra sig bra \u2013 varf\u00f6r \u00e4r det s\u00e5 sv\u00e5rt?<br \/>Utan pekpinnar f\u00f6rel\u00e4ser Ninni Engblom, Livstilsmedicin \u00d6ster\u00e5sen, om hur mat, s\u00f6mn och r\u00f6relse p\u00e5verkar hur vi m\u00e5r. F\u00f6rel\u00e4sningen ger ocks\u00e5 konkreta tips p\u00e5 sm\u00e5 f\u00f6r\u00e4ndringar i v\u00e5r vardag som kan g\u00f6ra stor skillnad i hur vi m\u00e5r.<br \/>Plats: H\u00e4lsocentralen, Ramsele<\/p>\n<p>Kl. 18.30- 19.45 Skuggsyskon<br \/>Kan vuxenlivet p\u00e5verkas om man som barn hamnat i skuggan av ett syskon med stora behov? I denna inspelade pj\u00e4s lyfter \u00d6stra teatern r\u00f6ster som s\u00e4llan h\u00f6rs.<br \/>Plats: Hullsta G\u00e5rd<\/p>\n<p>TORSDAG 6 NOVEMBER<br \/>18.30- ca 20.00 F\u00f6rel\u00e4sning &#8211; Hur ska jag g\u00f6ra s\u00e5 mitt barn inte b\u00f6rjar med droger?<br \/>\u00c4r du vuxen med barn i din n\u00e4rhet? Vill du st\u00e4rka din f\u00f6rm\u00e5ga att uppt\u00e4cka riskbeteenden och hj\u00e4lpa ditt barn eller andra? H\u00e5kan Fransson, socionom och drogf\u00f6rebyggare, delar med sig av handfasta tips och r\u00e5d. Polisen medverkar ocks\u00e5 under kv\u00e4llen.<\/p>\n<p>Plats: Hullsta G\u00e5rd<\/p>\n","protected":false},"excerpt":{"rendered":"Samtal, f\u00f6rel\u00e4sningar och m\u00f6ten som ger b\u00e5de kunskap och hopp. Under den nationella psykiatriveckan bjuder Region V\u00e4sternorrland tillsammans&hellip;\n","protected":false},"author":2,"featured_media":71386,"comment_status":"","ping_status":"","sticky":false,"template":"","format":"standard","meta":{"footnotes":""},"categories":[69],"tags":[113,112,34,31,33,32,30],"class_list":{"0":"post-71385","1":"post","2":"type-post","3":"status-publish","4":"format-standard","5":"has-post-thumbnail","7":"category-halsa","8":"tag-halsa","9":"tag-health","10":"tag-se","11":"tag-svenska","12":"tag-sverige","13":"tag-sweden","14":"tag-swedish"},"share_on_mastodon":{"url":"https:\/\/pubeurope.com\/@se\/115486367610684106","error":""},"_links":{"self":[{"href":"https:\/\/www.europesays.com\/se\/wp-json\/wp\/v2\/posts\/71385","targetHints":{"allow":["GET"]}}],"collection":[{"href":"https:\/\/www.europesays.com\/se\/wp-json\/wp\/v2\/posts"}],"about":[{"href":"https:\/\/www.europesays.com\/se\/wp-json\/wp\/v2\/types\/post"}],"author":[{"embeddable":true,"href":"https:\/\/www.europesays.com\/se\/wp-json\/wp\/v2\/users\/2"}],"replies":[{"embeddable":true,"href":"https:\/\/www.europesays.com\/se\/wp-json\/wp\/v2\/comments?post=71385"}],"version-history":[{"count":0,"href":"https:\/\/www.europesays.com\/se\/wp-json\/wp\/v2\/posts\/71385\/revisions"}],"wp:featuredmedia":[{"embeddable":true,"href":"https:\/\/www.europesays.com\/se\/wp-json\/wp\/v2\/media\/71386"}],"wp:attachment":[{"href":"https:\/\/www.europesays.com\/se\/wp-json\/wp\/v2\/media?parent=71385"}],"wp:term":[{"taxonomy":"category","embeddable":true,"href":"https:\/\/www.europesays.com\/se\/wp-json\/wp\/v2\/categories?post=71385"},{"taxonomy":"post_tag","embeddable":true,"href":"https:\/\/www.europesays.com\/se\/wp-json\/wp\/v2\/tags?post=71385"}],"curies":[{"name":"wp","href":"https:\/\/api.w.org\/{rel}","templated":true}]}}