{"id":71398,"date":"2025-11-03T15:08:08","date_gmt":"2025-11-03T15:08:08","guid":{"rendered":"https:\/\/www.europesays.com\/se\/71398\/"},"modified":"2025-11-03T15:08:08","modified_gmt":"2025-11-03T15:08:08","slug":"influensan-syns-redan-i-avloppsvattnet-sa-forbereder-du-dig-infor-sasongen-vf","status":"publish","type":"post","link":"https:\/\/www.europesays.com\/se\/71398\/","title":{"rendered":"Influensan syns redan i avloppsvattnet \u2013 s\u00e5 f\u00f6rbereder du dig inf\u00f6r s\u00e4songen &#8211; VF"},"content":{"rendered":"<ol>\n<li><a href=\"https:\/\/news.google.com\/rss\/articles\/CBMivgFBVV95cUxQUEhaYXV5Um85cURieHI5Ukp5eWIzV3pLb1FUaUtxWUJtVXJxVE5XXzRaU3l4Rk5IaDFyVVh6Q2MzWWR4TlBhdlFpdjc5UWxHZG1OWUFPbmhaNGFyZjlFWm1pUnJTcWJJZTFDc0gtbG9Va2J5cmhaaUxOdG02S0lxWXlLNWpkS09CTzFEXzVUZzRRb3BHWkIxam55cHRZY3gwbGIxVGdfVVFkT2lTTm9RSGp1NkRMcnZ2TmxjbE93?oc=5\" target=\"_blank\" rel=\"nofollow noopener\">Influensan syns redan i avloppsvattnet \u2013 s\u00e5 f\u00f6rbereder du dig inf\u00f6r s\u00e4songen<\/a>&nbsp;&nbsp;VF<\/li>\n<li><a href=\"https:\/\/news.google.com\/rss\/articles\/CBMipgFBVV95cUxPUTVjYkp5OEJNRXdSQUlpbjhfajlwanNFY003Szd1XzR5QWhfSUNQYlhjbGl3N2hLYmJZeUNCNnVtcjdoWjQ1dVo3Z0FjdUpvOUpSUTh2TmUweGY1NjI0N2ZDblJJRzRMNTlyRnRacXlnSlhGWDJ1RFdBVW82akYxT2NoNEpKTDBuSlgzSERURC1TN1lUSnMxd1JFZnA0WGVaeU1sU2h3?oc=5\" target=\"_blank\" rel=\"nofollow noopener\">Influensavaccinationer f\u00f6r personal inom social- och h\u00e4lsov\u00e5rden<\/a>&nbsp;&nbsp;superliitto.fi<\/li>\n<li><a href=\"https:\/\/news.google.com\/rss\/articles\/CBMikgFBVV95cUxOZjU1RVpRemdHY0p2QkRMclBvdkhlRU9SejV3RmJkUXJ2MDhoZkotT0dBQTkxVkFxeWhhT2k5TWZ0UEhMSTBoMG5MVDUxZEg2cVIwd1dvUUpaRkRtaFM5WGg2RG1vM1dmbm5KdVFUTVZELUlXOEJNb2stbVhSckRObU50RGdHRk5hN09uNjJRaTZKUQ?oc=5\" target=\"_blank\" rel=\"nofollow noopener\">S\u00e5 ska regionen f\u00e5 fler 65-plussare att ta influensavaccinet<\/a>&nbsp;&nbsp;ltz.se<\/li>\n<li><a href=\"https:\/\/news.google.com\/rss\/articles\/CBMilgFBVV95cUxNZVZvUDZJUW9UQ3NiczFLVkpUNUF1STJBcWg0SmN0SW1MY096TTczLTNzNkNWQm9qRjNPa1I0M2FoM2VKWFRkNnJVTzctMWF5M2pBNl8xUzI5U3AzMnplaC1sM0ZkM2EyUVpKendIQlQ5aC1pdlFrZFNETlNiRmNWdlFURUxVaHlheTMwZ0E4MXFYVlhsWEE?oc=5\" target=\"_blank\" rel=\"nofollow noopener\">Vaccinationen mot influensa ig\u00e5ng \u2013 l\u00e4net l\u00e5ngt fr\u00e5n m\u00e5let<\/a>&nbsp;&nbsp;Ljusnan<\/li>\n<li><a href=\"https:\/\/news.google.com\/rss\/articles\/CBMiUkFVX3lxTE92bmN5WC1YQzRDcEZ2ajJqZE0waXVGMFJ0VlNfcnZIZlZhVlI3VzdrU3ZzeXdISXlQUkJTbDZONDZnLW9yLUJ4VDV3N3BHM1B2YXc?oc=5\" target=\"_blank\" rel=\"nofollow noopener\">M\u00e5nga har redan bokat tid f\u00f6r influensavaccinering<\/a>&nbsp;&nbsp;Sydin<\/li>\n<\/ol>\n","protected":false},"excerpt":{"rendered":"Influensan syns redan i avloppsvattnet \u2013 s\u00e5 f\u00f6rbereder du dig inf\u00f6r s\u00e4songen&nbsp;&nbsp;VF Influensavaccinationer f\u00f6r personal inom social- och&hellip;\n","protected":false},"author":2,"featured_media":71399,"comment_status":"","ping_status":"","sticky":false,"template":"","format":"standard","meta":{"footnotes":""},"categories":[69],"tags":[113,112,34,31,33,32,30],"class_list":{"0":"post-71398","1":"post","2":"type-post","3":"status-publish","4":"format-standard","5":"has-post-thumbnail","7":"category-halsa","8":"tag-halsa","9":"tag-health","10":"tag-se","11":"tag-svenska","12":"tag-sverige","13":"tag-sweden","14":"tag-swedish"},"share_on_mastodon":{"url":"https:\/\/pubeurope.com\/@se\/115486399173500051","error":""},"_links":{"self":[{"href":"https:\/\/www.europesays.com\/se\/wp-json\/wp\/v2\/posts\/71398","targetHints":{"allow":["GET"]}}],"collection":[{"href":"https:\/\/www.europesays.com\/se\/wp-json\/wp\/v2\/posts"}],"about":[{"href":"https:\/\/www.europesays.com\/se\/wp-json\/wp\/v2\/types\/post"}],"author":[{"embeddable":true,"href":"https:\/\/www.europesays.com\/se\/wp-json\/wp\/v2\/users\/2"}],"replies":[{"embeddable":true,"href":"https:\/\/www.europesays.com\/se\/wp-json\/wp\/v2\/comments?post=71398"}],"version-history":[{"count":0,"href":"https:\/\/www.europesays.com\/se\/wp-json\/wp\/v2\/posts\/71398\/revisions"}],"wp:featuredmedia":[{"embeddable":true,"href":"https:\/\/www.europesays.com\/se\/wp-json\/wp\/v2\/media\/71399"}],"wp:attachment":[{"href":"https:\/\/www.europesays.com\/se\/wp-json\/wp\/v2\/media?parent=71398"}],"wp:term":[{"taxonomy":"category","embeddable":true,"href":"https:\/\/www.europesays.com\/se\/wp-json\/wp\/v2\/categories?post=71398"},{"taxonomy":"post_tag","embeddable":true,"href":"https:\/\/www.europesays.com\/se\/wp-json\/wp\/v2\/tags?post=71398"}],"curies":[{"name":"wp","href":"https:\/\/api.w.org\/{rel}","templated":true}]}}