{"id":71511,"date":"2025-11-03T16:57:31","date_gmt":"2025-11-03T16:57:31","guid":{"rendered":"https:\/\/www.europesays.com\/se\/71511\/"},"modified":"2025-11-03T16:57:31","modified_gmt":"2025-11-03T16:57:31","slug":"israels-tidigare-chefsjurist-gripen-efter-video-pa-misshandel","status":"publish","type":"post","link":"https:\/\/www.europesays.com\/se\/71511\/","title":{"rendered":"Israels tidigare chefsjurist gripen efter video p\u00e5 misshandel"},"content":{"rendered":"<p>Publicerad 3 nov 2025 kl 12.06Uppdaterad kl 15.34<\/p>\n<p>Israels tidigare milit\u00e4ra chefsjurist Yifat Tomer-Yerushalmi har gripits.\u00a0<\/p>\n<p>Timmarna f\u00f6re gripandet p\u00e5gick vad som beskrivs som en frenetisk s\u00f6kinsats efter att ett avskedsbrev hittats av hennes familj.\u00a0<\/p>\n<p>Senaste nyhetsklippen fr\u00e5n Expressen.<img   alt=\"\"\/><\/p>\n<p>Israeliska soldater vid Sde Teiman.<\/p>\n<p>Foto: TSAFRIR ABAYOV \/ AP TT NYHETSBYR\u00c5N<\/p>\n<p>\u00d6ppna bild i helsk\u00e4rm<img loading=\"lazy\"   alt=\"\"\/><\/p>\n<p>Israels tidigare milit\u00e4ra chefsjuristen Yifat Tomer-Yerushalmi har gripits.<\/p>\n<p>Foto: OREN BEN HAKOON \/ AP TT NYHETSBYR\u00c5N<\/p>\n<p>\u00d6ppna bild i helsk\u00e4rm<\/p>\n<p>Yifat Tomer-Yerushalmi avgick fr\u00e5n posten som IDF:s chefsjurist efter att ha l\u00e4ckt en video till medierna f\u00f6rra \u00e5ret som uppgavs visa soldater som grovt misshandlade en palestinsk s\u00e4kerhetsf\u00e5nge i ett milit\u00e4rt h\u00e4kte.\u00a0<\/p>\n<p>Polisen grep \u00e4ven milit\u00e4rens tidigare chefs\u00e5klagare, \u00f6verste Matan Solomosh.\u00a0<\/p>\n<p>Anv\u00e4nde alla tillg\u00e4ngliga medel<\/p>\n<p>Innan Tomer-Yerushalmi kunde gripas p\u00e5gick en s\u00f6kinsats efter att hon inte hade g\u00e5tt att n\u00e5 och att familjen hittat ett brev, skriver Times of <a href=\"https:\/\/www.expressen.se\/tagg\/location\/israel\/\" class=\"\" rel=\"nofollow noopener\" target=\"_blank\">Israel<\/a>.\u00a0<\/p>\n<p>I brevet ska det, enligt obekr\u00e4ftade medieuppgifter, st\u00e5tt: \u201dJag \u00e4lskar er, ta hand om er sj\u00e4lva\u201d, vilket v\u00e4ckte stor oro f\u00f6r hennes liv.<\/p>\n<p>\u2013 Vi anv\u00e4nde alla tillg\u00e4ngliga medel, b\u00e5de till havs och p\u00e5 land, samt tekniska resurser, s\u00e4ger Tel Avivs polisdistriktschef Haim Sargarof till tidningen.\u00a0<\/p>\n<p>Tomer-Yerushalmi hittades efter att ha kontaktat sin make och hittades vid liv l\u00e4ngs en strand i n\u00e4rliggande Herzliya, enligt polisen. \u00a0\u00a0\u00a0\u00a0\u00a0\u00a0\u00a0\u00a0\u00a0<\/p>\n<p>Fem soldater \u00e5talade<\/p>\n<p>Den l\u00e4ckta videon fr\u00e5n Sde Teiman visade hur soldater tog ut en palestinsk f\u00e5nge som l\u00e5g p\u00e5 marken, skymde sikten med sk\u00f6ldar och d\u00e4refter misshandlade honom. F\u00e5ngen fick allvarliga skador och beh\u00f6vde omfattande v\u00e5rd.<\/p>\n<p>Tidigare i \u00e5r \u00e5talades fem reservsoldater f\u00f6r misshandeln, som enligt \u00e5talet gjorde att mannen fick brutna revben och inv\u00e4ndiga skador, inklusive en reva i \u00e4ndtarmen.<\/p>\n<p>Utredningen v\u00e4ckte raseri inom koalitionen och bland h\u00f6geraktivister. N\u00e4r de misst\u00e4nkta soldaterna greps stormade m\u00e4ngder av demonstranter tv\u00e5 milit\u00e4rbaser f\u00f6r att f\u00f6rs\u00f6ka stoppa gripandena.<\/p>\n","protected":false},"excerpt":{"rendered":"Publicerad 3 nov 2025 kl 12.06Uppdaterad kl 15.34 Israels tidigare milit\u00e4ra chefsjurist Yifat Tomer-Yerushalmi har gripits.\u00a0 Timmarna f\u00f6re&hellip;\n","protected":false},"author":2,"featured_media":71512,"comment_status":"","ping_status":"","sticky":false,"template":"","format":"standard","meta":{"footnotes":""},"categories":[5],"tags":[22,23,26,27,17,21,24,25,56,58,28,29,15,16,4315,18,34,55,31,33,32,30,19,60,20],"class_list":{"0":"post-71511","1":"post","2":"type-post","3":"status-publish","4":"format-standard","5":"has-post-thumbnail","7":"category-rubriker","8":"tag-breaking-news","9":"tag-breakingnews","10":"tag-featured-news","11":"tag-featurednews","12":"tag-headlines","13":"tag-huvudnyheter","14":"tag-latest-news","15":"tag-latestnews","16":"tag-location-gaza","17":"tag-location-israel","18":"tag-main-news","19":"tag-mainnews","20":"tag-news","21":"tag-nyheter","22":"tag-organization-idf","23":"tag-rubriker","24":"tag-se","25":"tag-sections-varlden","26":"tag-svenska","27":"tag-sverige","28":"tag-sweden","29":"tag-swedish","30":"tag-top-stories","31":"tag-topic-krig-konflikt","32":"tag-topstories"},"share_on_mastodon":{"url":"https:\/\/pubeurope.com\/@se\/115486827712693892","error":""},"_links":{"self":[{"href":"https:\/\/www.europesays.com\/se\/wp-json\/wp\/v2\/posts\/71511","targetHints":{"allow":["GET"]}}],"collection":[{"href":"https:\/\/www.europesays.com\/se\/wp-json\/wp\/v2\/posts"}],"about":[{"href":"https:\/\/www.europesays.com\/se\/wp-json\/wp\/v2\/types\/post"}],"author":[{"embeddable":true,"href":"https:\/\/www.europesays.com\/se\/wp-json\/wp\/v2\/users\/2"}],"replies":[{"embeddable":true,"href":"https:\/\/www.europesays.com\/se\/wp-json\/wp\/v2\/comments?post=71511"}],"version-history":[{"count":0,"href":"https:\/\/www.europesays.com\/se\/wp-json\/wp\/v2\/posts\/71511\/revisions"}],"wp:featuredmedia":[{"embeddable":true,"href":"https:\/\/www.europesays.com\/se\/wp-json\/wp\/v2\/media\/71512"}],"wp:attachment":[{"href":"https:\/\/www.europesays.com\/se\/wp-json\/wp\/v2\/media?parent=71511"}],"wp:term":[{"taxonomy":"category","embeddable":true,"href":"https:\/\/www.europesays.com\/se\/wp-json\/wp\/v2\/categories?post=71511"},{"taxonomy":"post_tag","embeddable":true,"href":"https:\/\/www.europesays.com\/se\/wp-json\/wp\/v2\/tags?post=71511"}],"curies":[{"name":"wp","href":"https:\/\/api.w.org\/{rel}","templated":true}]}}