{"id":71515,"date":"2025-11-03T17:05:06","date_gmt":"2025-11-03T17:05:06","guid":{"rendered":"https:\/\/www.europesays.com\/se\/71515\/"},"modified":"2025-11-03T17:05:06","modified_gmt":"2025-11-03T17:05:06","slug":"pojke-livshotande-skadad-efter-pakorning-i-bastad","status":"publish","type":"post","link":"https:\/\/www.europesays.com\/se\/71515\/","title":{"rendered":"Pojke livshotande skadad efter p\u00e5k\u00f6rning i B\u00e5stad"},"content":{"rendered":"<p>Larmet inkom vid klockan 15.12 p\u00e5 m\u00e5ndagen. <\/p>\n<p>\u2013 Det \u00e4r en pojke som blivit p\u00e5k\u00f6rd av en bil i en korsning i ett villaomr\u00e5de, s\u00e4ger Magnus \u00c5kervik, Teamledare f\u00f6r r\u00e4ddningstj\u00e4nsten som inledningsvis var p\u00e5 plats.<\/p>\n<p>Enligt polisen bed\u00f6ms pojken som \u00e4r under 15 \u00e5r gammal, ha livshotande skador. Personbilen som var inblandad i olyckan \u00e4r tagen i beslag f\u00f6r en teknisk unders\u00f6kning. <\/p>\n<p>Texten uppdateras <\/p>\n","protected":false},"excerpt":{"rendered":"Larmet inkom vid klockan 15.12 p\u00e5 m\u00e5ndagen. \u2013 Det \u00e4r en pojke som blivit p\u00e5k\u00f6rd av en bil&hellip;\n","protected":false},"author":2,"featured_media":71516,"comment_status":"","ping_status":"","sticky":false,"template":"","format":"standard","meta":{"footnotes":""},"categories":[5],"tags":[22,23,26,27,17,21,24,25,28,29,15,16,18,34,31,33,32,30,19,20],"class_list":{"0":"post-71515","1":"post","2":"type-post","3":"status-publish","4":"format-standard","5":"has-post-thumbnail","7":"category-rubriker","8":"tag-breaking-news","9":"tag-breakingnews","10":"tag-featured-news","11":"tag-featurednews","12":"tag-headlines","13":"tag-huvudnyheter","14":"tag-latest-news","15":"tag-latestnews","16":"tag-main-news","17":"tag-mainnews","18":"tag-news","19":"tag-nyheter","20":"tag-rubriker","21":"tag-se","22":"tag-svenska","23":"tag-sverige","24":"tag-sweden","25":"tag-swedish","26":"tag-top-stories","27":"tag-topstories"},"share_on_mastodon":{"url":"https:\/\/pubeurope.com\/@se\/115486859149692152","error":""},"_links":{"self":[{"href":"https:\/\/www.europesays.com\/se\/wp-json\/wp\/v2\/posts\/71515","targetHints":{"allow":["GET"]}}],"collection":[{"href":"https:\/\/www.europesays.com\/se\/wp-json\/wp\/v2\/posts"}],"about":[{"href":"https:\/\/www.europesays.com\/se\/wp-json\/wp\/v2\/types\/post"}],"author":[{"embeddable":true,"href":"https:\/\/www.europesays.com\/se\/wp-json\/wp\/v2\/users\/2"}],"replies":[{"embeddable":true,"href":"https:\/\/www.europesays.com\/se\/wp-json\/wp\/v2\/comments?post=71515"}],"version-history":[{"count":0,"href":"https:\/\/www.europesays.com\/se\/wp-json\/wp\/v2\/posts\/71515\/revisions"}],"wp:featuredmedia":[{"embeddable":true,"href":"https:\/\/www.europesays.com\/se\/wp-json\/wp\/v2\/media\/71516"}],"wp:attachment":[{"href":"https:\/\/www.europesays.com\/se\/wp-json\/wp\/v2\/media?parent=71515"}],"wp:term":[{"taxonomy":"category","embeddable":true,"href":"https:\/\/www.europesays.com\/se\/wp-json\/wp\/v2\/categories?post=71515"},{"taxonomy":"post_tag","embeddable":true,"href":"https:\/\/www.europesays.com\/se\/wp-json\/wp\/v2\/tags?post=71515"}],"curies":[{"name":"wp","href":"https:\/\/api.w.org\/{rel}","templated":true}]}}