{"id":71521,"date":"2025-11-03T17:20:13","date_gmt":"2025-11-03T17:20:13","guid":{"rendered":"https:\/\/www.europesays.com\/se\/71521\/"},"modified":"2025-11-03T17:20:13","modified_gmt":"2025-11-03T17:20:13","slug":"bil-fattade-eld-efter-krock-vag-avstangd","status":"publish","type":"post","link":"https:\/\/www.europesays.com\/se\/71521\/","title":{"rendered":"Bil fattade eld efter krock \u2013 v\u00e4g avst\u00e4ngd"},"content":{"rendered":"<p>Larmet om olyckan, som ska ha skett p\u00e5 riksv\u00e4g 70 i h\u00f6jd med l\u00e4nsv\u00e4g 765, kom vid 17-tiden p\u00e5 m\u00e5ndagen. <\/p>\n<p>Enligt r\u00e4ddningstj\u00e4nsten har en av bilarna fattad eld i samband med olyckan. Ingen person ska dock ha befunnit sig i bilen n\u00e4r b\u00f6rjade brinna. <\/p>\n<p>En person har f\u00e5tt f\u00f6ras till sjukhus med ambulans, och ska enligt polisen ha varit \u201dmedveten och talbar\u201d. <\/p>\n<p>Enligt Trafikverket har olyckan mycket stor p\u00e5verkan p\u00e5 trafiken, och v\u00e4g 765 mot Jordbron fick i ett f\u00f6rsta skede st\u00e4ngas helt, f\u00f6r att sedan \u00f6ppnas f\u00f6r trafik i norrg\u00e5ende riktning. <\/p>\n","protected":false},"excerpt":{"rendered":"Larmet om olyckan, som ska ha skett p\u00e5 riksv\u00e4g 70 i h\u00f6jd med l\u00e4nsv\u00e4g 765, kom vid 17-tiden&hellip;\n","protected":false},"author":2,"featured_media":71522,"comment_status":"","ping_status":"","sticky":false,"template":"","format":"standard","meta":{"footnotes":""},"categories":[12],"tags":[22,23,26,27,17,21,24,25,28,29,15,16,18,34,31,33,32,30,19,20],"class_list":{"0":"post-71521","1":"post","2":"type-post","3":"status-publish","4":"format-standard","5":"has-post-thumbnail","7":"category-sverige","8":"tag-breaking-news","9":"tag-breakingnews","10":"tag-featured-news","11":"tag-featurednews","12":"tag-headlines","13":"tag-huvudnyheter","14":"tag-latest-news","15":"tag-latestnews","16":"tag-main-news","17":"tag-mainnews","18":"tag-news","19":"tag-nyheter","20":"tag-rubriker","21":"tag-se","22":"tag-svenska","23":"tag-sverige","24":"tag-sweden","25":"tag-swedish","26":"tag-top-stories","27":"tag-topstories"},"share_on_mastodon":{"url":"https:\/\/pubeurope.com\/@se\/115486918284873488","error":""},"_links":{"self":[{"href":"https:\/\/www.europesays.com\/se\/wp-json\/wp\/v2\/posts\/71521","targetHints":{"allow":["GET"]}}],"collection":[{"href":"https:\/\/www.europesays.com\/se\/wp-json\/wp\/v2\/posts"}],"about":[{"href":"https:\/\/www.europesays.com\/se\/wp-json\/wp\/v2\/types\/post"}],"author":[{"embeddable":true,"href":"https:\/\/www.europesays.com\/se\/wp-json\/wp\/v2\/users\/2"}],"replies":[{"embeddable":true,"href":"https:\/\/www.europesays.com\/se\/wp-json\/wp\/v2\/comments?post=71521"}],"version-history":[{"count":0,"href":"https:\/\/www.europesays.com\/se\/wp-json\/wp\/v2\/posts\/71521\/revisions"}],"wp:featuredmedia":[{"embeddable":true,"href":"https:\/\/www.europesays.com\/se\/wp-json\/wp\/v2\/media\/71522"}],"wp:attachment":[{"href":"https:\/\/www.europesays.com\/se\/wp-json\/wp\/v2\/media?parent=71521"}],"wp:term":[{"taxonomy":"category","embeddable":true,"href":"https:\/\/www.europesays.com\/se\/wp-json\/wp\/v2\/categories?post=71521"},{"taxonomy":"post_tag","embeddable":true,"href":"https:\/\/www.europesays.com\/se\/wp-json\/wp\/v2\/tags?post=71521"}],"curies":[{"name":"wp","href":"https:\/\/api.w.org\/{rel}","templated":true}]}}