{"id":71527,"date":"2025-11-03T17:29:20","date_gmt":"2025-11-03T17:29:20","guid":{"rendered":"https:\/\/www.europesays.com\/se\/71527\/"},"modified":"2025-11-03T17:29:20","modified_gmt":"2025-11-03T17:29:20","slug":"borserna-i-new-york-inleder-veckan-med-stigande-kurser","status":"publish","type":"post","link":"https:\/\/www.europesays.com\/se\/71527\/","title":{"rendered":"B\u00f6rserna i New York inleder veckan med stigande kurser"},"content":{"rendered":"<p class=\"css-176tai ebi15pp2\">Vid 16.00-tiden var Dow Jones industriindex ned 0,4 procent till 47.366, medan breda S&amp;P 500 var upp 0,1 procent till 6.844. Tekniktunga Nasdaq Composite var upp 0,6 procent till 23.868.<\/p>\n<p class=\"css-176tai ebi15pp2\">Konsumentvaruf\u00f6retaget <strong>Kimberly-Clark<\/strong>, som bland annat konkurrerar med Essity, f\u00f6rv\u00e4rvar det amerikanska f\u00f6retaget <strong>Kenvue<\/strong>, som tidigare var Johnson &amp; Johnsons konsumentvaruverksamhet. Kimberly-Clarks aktie\u00e4gare v\u00e4ntas \u00e4ga runt 54 procent av det nya sammanslagna bolaget medan Kenvues \u00e4gare v\u00e4ntas \u00e4ga omkring 46 procent. Kenvues aktie, som i \u00e5r har g\u00e5tt t\u00e4mligen svagt, steg drygt 18 procent medan Kimberly-Clarks d\u00e4remot f\u00f6ll 11,6 procent.<\/p>\n<p class=\"css-176tai ebi15pp2\">Warren Buffetts investeringsbolag <strong>Berkshire Hathaway<\/strong> var ned 0,5 procent trots att bolaget redovisade ett justerat resultat per A-aktie p\u00e5 9.376 dollar f\u00f6r det tredje kvartalet. Det var h\u00f6gre \u00e4n analytikers genomsnittliga f\u00f6rv\u00e4ntan om 8.684 dollar, enligt S&amp;P Global Market Intelligence sammanst\u00e4llning.<\/p>\n<p class=\"css-176tai ebi15pp2\">Berkshire Hathaways kassa \u00f6kade till 382 miljarder dollar vid periodens utg\u00e5ng. Bolaget avstod f\u00f6r femte kvartalet i rad fr\u00e5n att \u00e5terk\u00f6pa egna aktier, enligt Bloomberg News.<\/p>\n<p class=\"css-176tai ebi15pp2\"><strong>Nvidia <\/strong>avancerade drygt 2,6 procent med st\u00f6d av att USA godk\u00e4nner chipf\u00f6rs\u00e4ljning till F\u00f6renade arabemiraten via Microsoft.<\/p>\n<p class=\"css-176tai ebi15pp2\">Efter m\u00e5ndagens amerikanska b\u00f6rsst\u00e4ngning v\u00e4ntas del\u00e5rsrapport fr\u00e5n AI-mjukvarubolaget <strong>Palantir<\/strong>. Aktien steg 1,7 procent.<\/p>\n<p class=\"css-176tai ebi15pp2\">I sektorn har f\u00f6r \u00f6vrigt <strong>Cipher Mining<\/strong> upp 32 procent efter ett m\u00e5ngmiljardavtal med Amazon Web Services.<\/p>\n<p class=\"css-176tai ebi15pp2\">Vidare har <strong>Amazon<\/strong>, via Amazon Web Services, signerat ett miljardavtal med Open AI. Enligt det fler\u00e5riga avtalet, som \u00e4r v\u00e4rt 38 miljarder dollar, f\u00e5r Open AI tillg\u00e5ng till AWS ber\u00e4kningskapacitet best\u00e5ende av &#8221;hundratusentals&#8221; Nvidia-GPU:er. Amazons aktie kl\u00e4ttrade 4,5 procent.<\/p>\n<p class=\"css-176tai ebi15pp2\"><strong>Beyond Meat<\/strong> backade 13 procent efter att ha senarelagt publiceringen av sin del\u00e5rsrapport med anledning av redovisningsarbete kring en nedskrivning.<\/p>\n<p class=\"css-176tai ebi15pp2\">P\u00e5 rekommendationsfronten har <strong>Cisco Systems<\/strong>, som tillverkar n\u00e4tverksutrustning, uppgraderats till k\u00f6p fr\u00e5n neutral av UBS, som h\u00e4nvisar till en &#8221;fler\u00e5rig tillv\u00e4xtcykel driven av stark efterfr\u00e5gan p\u00e5 AI-infrastruktur och ett v\u00e4xande momentum inom s\u00e4kerhet.&#8221; Aktien steg 1,6 procent.<\/p>\n<p class=\"css-176tai ebi15pp2\">P\u00e5 valutamarknaden har dollarn st\u00e4rkts efter vissa h\u00f6kaktiga signaler fr\u00e5n Federal Reserve i slutet av f\u00f6rra veckan. R\u00e4ntan p\u00e5 den amerikanska tio\u00e5ringen var ned 1 punkt till 4,10 procent.<\/p>\n<p class=\"css-176tai ebi15pp2\"><strong>L\u00e4s mer: <\/strong><strong><a href=\"https:\/\/www.privataaffarer.se\/placeringar\/aktier\/hernhag-toppkanning-i-ai-rallyt-men-tre-aktier-lockar\/\" rel=\"nofollow noopener\" target=\"_blank\">Hernhag: Toppk\u00e4nning i AI-rallyt \u2013 men tre aktier lockar<\/a><\/strong><\/p>\n<p class=\"css-176tai ebi15pp2\"><strong>L\u00e4s mer: <\/strong><strong><a href=\"https:\/\/www.privataaffarer.se\/placeringar\/fonder\/stahl-manadens-12-etfer-vi-gar-pa-offensiven\/\" rel=\"nofollow noopener\" target=\"_blank\">M\u00e5nadens tio ETF:er \u2013 vi g\u00e5r p\u00e5 offensiven<\/a><\/strong><\/p>\n<p class=\"css-176tai ebi15pp2\"><strong>L\u00e4s mer: <\/strong><strong><a href=\"https:\/\/www.privataaffarer.se\/privatekonomi\/familjejuridik\/starkt-arvsratt-for-sambor-det-har-ska-ni-ha-koll-pa\/\" rel=\"nofollow noopener\" target=\"_blank\">St\u00e4rkt arvsr\u00e4tt f\u00f6r sambor \u2013 det h\u00e4r ska ni ha koll p\u00e5<\/a><\/strong><\/p>\n<p class=\"css-176tai ebi15pp2\"><strong>L\u00e4s mer: <\/strong><strong><a href=\"https:\/\/www.privataaffarer.se\/placeringar\/aktier\/borsvarningen-paminner-om-dotcom-kommer-drabba-hela-marknaden\/\" rel=\"nofollow noopener\" target=\"_blank\">B\u00f6rsvarningen: \u201dP\u00e5minner om dotcom \u2013 kommer drabba hela marknaden\u201d<\/a><\/strong><\/p>\n","protected":false},"excerpt":{"rendered":"Vid 16.00-tiden var Dow Jones industriindex ned 0,4 procent till 47.366, medan breda S&amp;P 500 var upp 0,1&hellip;\n","protected":false},"author":2,"featured_media":40031,"comment_status":"","ping_status":"","sticky":false,"template":"","format":"standard","meta":{"footnotes":""},"categories":[5],"tags":[22,23,26,27,17,21,24,25,28,29,15,16,18,34,31,33,32,30,19,20],"class_list":{"0":"post-71527","1":"post","2":"type-post","3":"status-publish","4":"format-standard","5":"has-post-thumbnail","7":"category-rubriker","8":"tag-breaking-news","9":"tag-breakingnews","10":"tag-featured-news","11":"tag-featurednews","12":"tag-headlines","13":"tag-huvudnyheter","14":"tag-latest-news","15":"tag-latestnews","16":"tag-main-news","17":"tag-mainnews","18":"tag-news","19":"tag-nyheter","20":"tag-rubriker","21":"tag-se","22":"tag-svenska","23":"tag-sverige","24":"tag-sweden","25":"tag-swedish","26":"tag-top-stories","27":"tag-topstories"},"share_on_mastodon":{"url":"https:\/\/pubeurope.com\/@se\/115486953516341608","error":""},"_links":{"self":[{"href":"https:\/\/www.europesays.com\/se\/wp-json\/wp\/v2\/posts\/71527","targetHints":{"allow":["GET"]}}],"collection":[{"href":"https:\/\/www.europesays.com\/se\/wp-json\/wp\/v2\/posts"}],"about":[{"href":"https:\/\/www.europesays.com\/se\/wp-json\/wp\/v2\/types\/post"}],"author":[{"embeddable":true,"href":"https:\/\/www.europesays.com\/se\/wp-json\/wp\/v2\/users\/2"}],"replies":[{"embeddable":true,"href":"https:\/\/www.europesays.com\/se\/wp-json\/wp\/v2\/comments?post=71527"}],"version-history":[{"count":0,"href":"https:\/\/www.europesays.com\/se\/wp-json\/wp\/v2\/posts\/71527\/revisions"}],"wp:featuredmedia":[{"embeddable":true,"href":"https:\/\/www.europesays.com\/se\/wp-json\/wp\/v2\/media\/40031"}],"wp:attachment":[{"href":"https:\/\/www.europesays.com\/se\/wp-json\/wp\/v2\/media?parent=71527"}],"wp:term":[{"taxonomy":"category","embeddable":true,"href":"https:\/\/www.europesays.com\/se\/wp-json\/wp\/v2\/categories?post=71527"},{"taxonomy":"post_tag","embeddable":true,"href":"https:\/\/www.europesays.com\/se\/wp-json\/wp\/v2\/tags?post=71527"}],"curies":[{"name":"wp","href":"https:\/\/api.w.org\/{rel}","templated":true}]}}