{"id":71532,"date":"2025-11-03T17:37:11","date_gmt":"2025-11-03T17:37:11","guid":{"rendered":"https:\/\/www.europesays.com\/se\/71532\/"},"modified":"2025-11-03T17:37:11","modified_gmt":"2025-11-03T17:37:11","slug":"calle-rosen-bortbytt-till-sin-gamla-klubb","status":"publish","type":"post","link":"https:\/\/www.europesays.com\/se\/71532\/","title":{"rendered":"Calle Ros\u00e9n bortbytt \u2013 till sin gamla klubb"},"content":{"rendered":"<p><strong><a href=\"https:\/\/hockeysverige.se\/spelare\/calle-rosen\/\" rel=\"nofollow noopener\" target=\"_blank\">Calle Ros\u00e9n <\/a>blev nyligen den po\u00e4ngb\u00e4sta svenska backen i AHL:s historia. Men hans sejour i\u00a0<a href=\"https:\/\/hockeysverige.se\/klubb\/washington-capitals\/\" target=\"_blank\" rel=\"noreferrer noopener nofollow\">Washington Capitals<\/a>\u00a0stannar vid nio matcher i <a href=\"https:\/\/hockeysverige.se\/ahl\/\" rel=\"nofollow noopener\" target=\"_blank\">AHL<\/a>. Nu har han trejdats tillbaka till sin tidigare klubb,\u00a0<a href=\"https:\/\/hockeysverige.se\/klubb\/st-louis-blues\/\" target=\"_blank\" rel=\"noreferrer noopener nofollow\">St. Louis Blues<\/a>.<\/strong><\/p>\n<p><img loading=\"lazy\" decoding=\"async\" width=\"1024\" height=\"658\" src=\"https:\/\/www.europesays.com\/se\/wp-content\/uploads\/2025\/11\/Calle-Rosen-trejdad-1024x658.webp.webp\" alt=\"Calle Ros\u00e9n trejdad\" class=\"wp-image-321899\"  \/>Calle Ros\u00e9n \u00e5terv\u00e4nder till St. Louis Blues organisation. <strong>Foto:<\/strong> Jonathan Tenca\/CSM<\/p>\n<p>Calle Ros\u00e9n upplever en fin start p\u00e5 AHL-s\u00e4songen. Nyligen passerade han\u00a0<a href=\"https:\/\/hockeysverige.se\/spelare\/lucas-carlsson\/\" target=\"_blank\" rel=\"noreferrer noopener nofollow\">Lucas Carlsson<\/a>\u00a0i totalt <a href=\"https:\/\/hockeysverige.se\/ahl\/nu-ar-calle-rosen-poangrikaste-svenska-backen-i-ahls-historia\/\" rel=\"nofollow noopener\" target=\"_blank\">antal po\u00e4ng av en svensk back i farmarligans historia<\/a>. Men speciellt l\u00e5ngvarig i sin nya organisation blir 31-\u00e5ringen inte.<\/p>\n<p>P\u00e5 m\u00e5ndagen meddelar Washington Capitals att de trejdar backen till St. Louis Blues. Detta i utbyte f\u00f6r backen Corey Scheneuman, 30. D\u00e4rmed \u00e5terv\u00e4nder Calle Ros\u00e9n till klubben han representerade mellan 2021 och 2024 \u2013 och d\u00e4r han \u00e4ven fick sin senaste\u00a0<a href=\"https:\/\/hockeysverige.se\/nhl\/\" target=\"_blank\" rel=\"noreferrer noopener nofollow\">NHL<\/a>-chans.<\/p>\n<p>Ros\u00e9n skickas omedelbart ned till farmarlaget Springfield Thunderbirds, som haft en tuff start p\u00e5 s\u00e4songen med bara en vinst p\u00e5 sina f\u00f6rsta nio matcher.<\/p>\n<p>Calle Ros\u00e9n \u2013 po\u00e4ngb\u00e4st bland svenska backar i AHL:s historia<\/p>\n<p>V\u00e4xj\u00f6sonen hann g\u00f6ra sju po\u00e4ng (1+6) p\u00e5 nio matcher med Capitals farmarlag Hershey Bears innan trejden. Detta efter att ha skrivit ett ett\u00e5rskontrakt med Capitals i somras som betalar honom 775,000 dollar i NHL och 525,000 dollar i AHL. P\u00e5 360 matcher i AHL har Ros\u00e9n svarat f\u00f6r 198 po\u00e4ng, tre fler \u00e4n San Jose Barracudas Lucas Carlsson.<\/p>\n<p>Den tidigare R\u00f6glebacken flyttade ursprungligen till Nordamerika 2017 f\u00f6r spel i\u00a0<a href=\"https:\/\/hockeysverige.se\/klubb\/toronto-maple-leafs\/\" target=\"_blank\" rel=\"noreferrer noopener nofollow\">Toronto Maple Leafs<\/a>\u00a0organisation. D\u00e4r har han blivit kvar. Ut\u00f6ver Maple Leafs, Blues och Capitals organisationer kommer han fr\u00e5n ett fjol\u00e5r d\u00e5 han representerade <a href=\"https:\/\/hockeysverige.se\/klubb\/colorado-avalanche\/\" rel=\"nofollow noopener\" target=\"_blank\">Colorado Avalanche<\/a>s farmarlag Colorado Eagles. P\u00e5 meritlistan har han en Calder Cup-seger i AHL med Toronto Marlies fr\u00e5n sitt f\u00f6rsta \u00e5r i ligan, 2017\/18. Det har totalt blivit 93 NHL-matcher genom \u00e5ren.<\/p>\n<p>I Springfield Thunderbirds blir han lagkamrat med inte mindre \u00e4n fem svenskar; <a href=\"https:\/\/hockeysverige.se\/spelare\/samuel-johannesson\/\" rel=\"nofollow noopener\" target=\"_blank\">Samuel Johannesson<\/a>, Leo L\u00f6\u00f6f,\u00a0<a href=\"https:\/\/hockeysverige.se\/spelare\/theo-lindstein\/\" target=\"_blank\" rel=\"noreferrer noopener nofollow\">Theo Lindstein<\/a>,\u00a0<a href=\"https:\/\/hockeysverige.se\/spelare\/otto-stenberg\/\" target=\"_blank\" rel=\"noreferrer noopener nofollow\">Otto Stenberg<\/a>\u00a0och\u00a0<a href=\"https:\/\/hockeysverige.se\/spelare\/simon-robertsson\/\" target=\"_blank\" rel=\"noreferrer noopener nofollow\">Simon Robertsson<\/a>.<\/p>\n<p>Lista: Flest po\u00e4ng av svenska AHL-backar<\/p>\n<p>3 november 2025<\/p>\n<ol class=\"wp-block-list\">\n<li>Calle Ros\u00e9n 360 matcher \u2013 198 po\u00e4ng (36+162)<\/li>\n<li>Lucas Carlsson 307 matcher \u2013 195 po\u00e4ng (64+131)<\/li>\n<li>Anders Eriksson 319 matcher \u2013 188 po\u00e4ng (25+163)<\/li>\n<li>Josef Boumedienne 295 matcher \u2013 176 po\u00e4ng (33+143)<\/li>\n<li>Tim Erixon 331 matcher \u2013 165 po\u00e4ng (22+143)<\/li>\n<\/ol>\n<p> Source: <a href=\"https:\/\/www.eliteprospects.com\/player\/37021\/calle-rosen\" target=\"_blank\" rel=\"noopener noreferrer nofollow\">Calle Ros\u00e9n<\/a> @ Elite Prospects<\/p>\n","protected":false},"excerpt":{"rendered":"Calle Ros\u00e9n blev nyligen den po\u00e4ngb\u00e4sta svenska backen i AHL:s historia. Men hans sejour i\u00a0Washington Capitals\u00a0stannar vid nio&hellip;\n","protected":false},"author":2,"featured_media":71533,"comment_status":"","ping_status":"","sticky":false,"template":"","format":"standard","meta":{"footnotes":""},"categories":[5],"tags":[22,23,26,27,17,21,24,25,28,29,15,16,18,34,133,31,33,32,30,19,20],"class_list":{"0":"post-71532","1":"post","2":"type-post","3":"status-publish","4":"format-standard","5":"has-post-thumbnail","7":"category-rubriker","8":"tag-breaking-news","9":"tag-breakingnews","10":"tag-featured-news","11":"tag-featurednews","12":"tag-headlines","13":"tag-huvudnyheter","14":"tag-latest-news","15":"tag-latestnews","16":"tag-main-news","17":"tag-mainnews","18":"tag-news","19":"tag-nyheter","20":"tag-rubriker","21":"tag-se","22":"tag-second-news","23":"tag-svenska","24":"tag-sverige","25":"tag-sweden","26":"tag-swedish","27":"tag-top-stories","28":"tag-topstories"},"share_on_mastodon":{"url":"https:\/\/pubeurope.com\/@se\/115486985102677064","error":""},"_links":{"self":[{"href":"https:\/\/www.europesays.com\/se\/wp-json\/wp\/v2\/posts\/71532","targetHints":{"allow":["GET"]}}],"collection":[{"href":"https:\/\/www.europesays.com\/se\/wp-json\/wp\/v2\/posts"}],"about":[{"href":"https:\/\/www.europesays.com\/se\/wp-json\/wp\/v2\/types\/post"}],"author":[{"embeddable":true,"href":"https:\/\/www.europesays.com\/se\/wp-json\/wp\/v2\/users\/2"}],"replies":[{"embeddable":true,"href":"https:\/\/www.europesays.com\/se\/wp-json\/wp\/v2\/comments?post=71532"}],"version-history":[{"count":0,"href":"https:\/\/www.europesays.com\/se\/wp-json\/wp\/v2\/posts\/71532\/revisions"}],"wp:featuredmedia":[{"embeddable":true,"href":"https:\/\/www.europesays.com\/se\/wp-json\/wp\/v2\/media\/71533"}],"wp:attachment":[{"href":"https:\/\/www.europesays.com\/se\/wp-json\/wp\/v2\/media?parent=71532"}],"wp:term":[{"taxonomy":"category","embeddable":true,"href":"https:\/\/www.europesays.com\/se\/wp-json\/wp\/v2\/categories?post=71532"},{"taxonomy":"post_tag","embeddable":true,"href":"https:\/\/www.europesays.com\/se\/wp-json\/wp\/v2\/tags?post=71532"}],"curies":[{"name":"wp","href":"https:\/\/api.w.org\/{rel}","templated":true}]}}