{"id":71548,"date":"2025-11-03T17:56:15","date_gmt":"2025-11-03T17:56:15","guid":{"rendered":"https:\/\/www.europesays.com\/se\/71548\/"},"modified":"2025-11-03T17:56:15","modified_gmt":"2025-11-03T17:56:15","slug":"svenska-lakaresallskapets-translationella-pris-lakartidningen","status":"publish","type":"post","link":"https:\/\/www.europesays.com\/se\/71548\/","title":{"rendered":"Svenska l\u00e4kares\u00e4llskapets translationella pris \u2013 L\u00e4kartidningen"},"content":{"rendered":"<p>\t\t\t\t<img alt=\"\" class=\"MediaWrapper-content BodyImage-imageObject\" src=\"https:\/\/www.europesays.com\/se\/wp-content\/uploads\/2025\/11\/eniko-lazar-webb.jpg\" data-lazy-load-target=\"content\" width=\"640\" height=\"426\" loading=\"lazy\" decoding=\"async\" fetchpriority=\"auto\"\/><\/p>\n<p>\n\t\t\t\t\tEnik\u0151 L\u00e1z\u00e1r.<br \/>\n\t\t\t\t\t\t\tFoto: Ulrike Krisch\n\t\t\t\t\t\t\t\t\t<\/p>\n<p>Enik\u0151 L\u00e1z\u00e1r,<strong> <\/strong>postdoktor vid Kungliga Tekniska h\u00f6g\u00adskolan, tilldelas Svenska l\u00e4kares\u00e4llskapets translationella pris 2025 f\u00f6r sin forsknings\u00adans\u00f6kan \u00bb3D-molekyl\u00e4ra hologram av tidig human kardiogenes som referens f\u00f6r molekyl\u00e4ra f\u00f6r\u00e4ndringar vid medf\u00f6dda hj\u00e4rtfel\u00ab.\u00a0<\/p>\n<p>\n\t\tAnnons\t\t\t<\/p>\n<p>\t\t<a href=\"https:\/\/www.narhalsan.se\/om-narhalsan\/jobba-hos-oss\/\" data-ad-target=\"link\" class=\"Ad-content\" rel=\"sponsored nofollow noopener\" target=\"_blank\"><\/p>\n<p>\t\t\t\t<img alt=\"Annons\" class=\"MediaWrapper-content Ad-image\" src=\"https:\/\/www.europesays.com\/se\/wp-content\/uploads\/2025\/11\/displaybanner-lakartidningen-1404x720-1.gif\" data-lazy-load-target=\"content\" width=\"468\" height=\"240\" loading=\"lazy\" decoding=\"async\" fetchpriority=\"auto\"\/><\/p>\n<p>\t\t<\/a><\/p>\n<p>Enik\u0151 L\u00e1z\u00e1r forskar om hur det m\u00e4nskliga hj\u00e4rtat formas under embryonalutvecklingen.<\/p>\n<p>F\u00f6r att uppmuntra yngre forskare och translationell forskning delar Svenska l\u00e4kares\u00e4llskapet ut priset f\u00f6r b\u00e4sta translationella forskning. Pristagaren utses av Svenska l\u00e4kares\u00e4llskapet n\u00e4mnd efter f\u00f6rslag av forskningsdelegationens prioriteringskommitt\u00e9.<\/p>\n","protected":false},"excerpt":{"rendered":"Enik\u0151 L\u00e1z\u00e1r. Foto: Ulrike Krisch Enik\u0151 L\u00e1z\u00e1r, postdoktor vid Kungliga Tekniska h\u00f6g\u00adskolan, tilldelas Svenska l\u00e4kares\u00e4llskapets translationella pris 2025&hellip;\n","protected":false},"author":2,"featured_media":71549,"comment_status":"","ping_status":"","sticky":false,"template":"","format":"standard","meta":{"footnotes":""},"categories":[69],"tags":[113,112,34,31,33,32,30],"class_list":{"0":"post-71548","1":"post","2":"type-post","3":"status-publish","4":"format-standard","5":"has-post-thumbnail","7":"category-halsa","8":"tag-halsa","9":"tag-health","10":"tag-se","11":"tag-svenska","12":"tag-sverige","13":"tag-sweden","14":"tag-swedish"},"share_on_mastodon":{"url":"https:\/\/pubeurope.com\/@se\/115487059824682205","error":""},"_links":{"self":[{"href":"https:\/\/www.europesays.com\/se\/wp-json\/wp\/v2\/posts\/71548","targetHints":{"allow":["GET"]}}],"collection":[{"href":"https:\/\/www.europesays.com\/se\/wp-json\/wp\/v2\/posts"}],"about":[{"href":"https:\/\/www.europesays.com\/se\/wp-json\/wp\/v2\/types\/post"}],"author":[{"embeddable":true,"href":"https:\/\/www.europesays.com\/se\/wp-json\/wp\/v2\/users\/2"}],"replies":[{"embeddable":true,"href":"https:\/\/www.europesays.com\/se\/wp-json\/wp\/v2\/comments?post=71548"}],"version-history":[{"count":0,"href":"https:\/\/www.europesays.com\/se\/wp-json\/wp\/v2\/posts\/71548\/revisions"}],"wp:featuredmedia":[{"embeddable":true,"href":"https:\/\/www.europesays.com\/se\/wp-json\/wp\/v2\/media\/71549"}],"wp:attachment":[{"href":"https:\/\/www.europesays.com\/se\/wp-json\/wp\/v2\/media?parent=71548"}],"wp:term":[{"taxonomy":"category","embeddable":true,"href":"https:\/\/www.europesays.com\/se\/wp-json\/wp\/v2\/categories?post=71548"},{"taxonomy":"post_tag","embeddable":true,"href":"https:\/\/www.europesays.com\/se\/wp-json\/wp\/v2\/tags?post=71548"}],"curies":[{"name":"wp","href":"https:\/\/api.w.org\/{rel}","templated":true}]}}