{"id":71554,"date":"2025-11-03T18:04:08","date_gmt":"2025-11-03T18:04:08","guid":{"rendered":"https:\/\/www.europesays.com\/se\/71554\/"},"modified":"2025-11-03T18:04:08","modified_gmt":"2025-11-03T18:04:08","slug":"lakare-i-skane-larmar-om-program-for-taligenkanning-arbetsmiljoproblem-lakartidningen","status":"publish","type":"post","link":"https:\/\/www.europesays.com\/se\/71554\/","title":{"rendered":"L\u00e4kare i Sk\u00e5ne larmar om program f\u00f6r taligenk\u00e4nning: \u00bbArbetsmilj\u00f6problem\u00ab \u2013 L\u00e4kartidningen"},"content":{"rendered":"<p>En stor andel av de sk\u00e5nska l\u00e4kare som svarat p\u00e5 enk\u00e4ten tycker att regionens program f\u00f6r taligenk\u00e4nning \u2013 Dragon medical one \u2013 \u00e4r tids\u00f6dande, fungerar d\u00e5ligt och har st\u00f6rre nackdelar \u00e4n f\u00f6rdelar. <\/p>\n<p>Kritiken handlar framf\u00f6r allt om att programmet tar tid fr\u00e5n andra arbetsppgifter, men \u00e4ven om att programmet feltolkar ord. En l\u00e4kare skriver i sitt svar: \u00bbDet blir ganska ofta fel ord. KOL blir till exempel alltid cool. Distriktsl\u00e4kare blir sexl\u00e4kare. Punkt blir pung.\u00ab<\/p>\n<p>\n\t\tAnnons\t\t\t<\/p>\n<p>\t\t<a href=\"https:\/\/www.narhalsan.se\/om-narhalsan\/jobba-hos-oss\/\" data-ad-target=\"link\" class=\"Ad-content\" rel=\"sponsored nofollow noopener\" target=\"_blank\"><\/p>\n<p>\t\t\t\t<img alt=\"Annons\" class=\"MediaWrapper-content Ad-image\" src=\"https:\/\/media.arto.se\/app\/uploads\/sites\/11\/2025\/10\/16112225\/displaybanner-lakartidningen-1404x720-1.gif?auto=format&amp;q=50&amp;w=468&amp;h=240\" data-lazy-load-target=\"content\" width=\"468\" height=\"240\" loading=\"lazy\" decoding=\"async\" fetchpriority=\"auto\"\/><\/p>\n<p>\t\t<\/a><\/p>\n<p>En annan skriver: \u00bbL\u00e4kemedelsnamn och namn p\u00e5 l\u00e4kemedelsregimer stavas fel utan att \u00e4ndras, namn p\u00e5 l\u00e4kare blir ofta fel och ord har fallit bort, vilket kr\u00e4ver noggrannhet vid genoml\u00e4sning och tar l\u00e4kartid som inte finns. Risk att l\u00e4karen missar eller avst\u00e5r fr\u00e5n att korrigera i en stressig situation.\u00ab<\/p>\n<p>Hanna Gr\u00f6ning, ordf\u00f6rande f\u00f6r Mellersta Sk\u00e5nes l\u00e4karf\u00f6rening och vice ordf\u00f6rande i L\u00e4karf\u00f6rbundet Sk\u00e5ne, \u00e4r inte f\u00f6rv\u00e5nad \u00f6ver resultatet. <\/p>\n<p>\u2013 Det st\u00e4mmer \u00f6verens med den bild vi hade, att de flesta upplever att det \u00e4r tids\u00f6dande och att det inte riktigt fungerar som man \u00f6nskar. Och s\u00e5 finns det n\u00e5gra som tycker att det \u00e4r bra att anv\u00e4nda i sin helhet eller som komplement, men det \u00e4r inte den stora massan.<\/p>\n<p>\t\t\t\t<img alt=\"\" class=\"MediaWrapper-content BodyImage-imageObject\" src=\"https:\/\/media.arto.se\/app\/uploads\/sites\/11\/2024\/10\/img-4137-kvadrat.jpg?auto=format&amp;crop=faces&amp;facepad=10&amp;fit=crop&amp;q=50&amp;w=640&amp;h=426\" data-lazy-load-target=\"content\" width=\"640\" height=\"426\" loading=\"lazy\" decoding=\"async\" fetchpriority=\"auto\"\/><\/p>\n<p>\n\t\t\t\t\tHanna Gr\u00f6ning.<br \/>\n\t\t\t\t\t\t\tFoto: DLF Sk\u00e5ne\n\t\t\t\t\t\t\t\t\t<\/p>\n<p>Liksom i V\u00e4stra G\u00f6talandsregionen, d\u00e4r <a href=\"https:\/\/lakartidningen.se\/nyheter\/lakare-pa-su-kritiska-mot-vgrs-taligenkanning-inte-jattebra\/\" data-type=\"link\" data-id=\"https:\/\/lakartidningen.se\/nyheter\/lakare-pa-su-kritiska-mot-vgrs-taligenkanning-inte-jattebra\/\" rel=\"nofollow noopener\" target=\"_blank\">kritiken mot samma taligenk\u00e4nningsprogram<\/a> varit stark, \u00e4r inf\u00f6randet i Sk\u00e5ne ett steg p\u00e5 v\u00e4gen mot det nya v\u00e5rdinformationssystemet Millennium, som \u00e4r planerat att rullas ut i regionen h\u00f6sten 2026.<\/p>\n<p>\n\t\tAnnons\t\t\t<\/p>\n<p>\t\t<a href=\"https:\/\/lumell.se\" data-ad-target=\"link\" class=\"Ad-content\" rel=\"sponsored nofollow noopener\" target=\"_blank\"><\/p>\n<p>\t\t\t\t<img alt=\"Annons\" class=\"MediaWrapper-content Ad-image\" src=\"https:\/\/media.arto.se\/app\/uploads\/sites\/11\/2025\/10\/27152300\/lakartidningen-annonsjpg.jpg?auto=format&amp;q=50&amp;w=468&amp;h=239\" data-lazy-load-target=\"content\" width=\"468\" height=\"239\" loading=\"lazy\" decoding=\"async\" fetchpriority=\"auto\"\/><\/p>\n<p>\t\t<\/a><\/p>\n<p>Hanna Gr\u00f6ning s\u00e4ger att man fr\u00e5n fackligt h\u00e5ll velat att Region Sk\u00e5ne hade valt en l\u00f6sning d\u00e4r \u00e4ven diktering skulle kunna anv\u00e4ndas i Millennium.<\/p>\n<p>\u2013 Som jag har f\u00f6rst\u00e5tt det var det ett alternativ, men man valde att inte g\u00f6ra det. Det har vi f\u00f6rklarat oss oeniga till \u00e4nda upp till central samverkan.<\/p>\n<p>Hon ber\u00e4ttar att man nu vill ta upp fr\u00e5gan om taligenk\u00e4nningen p\u00e5 f\u00f6rvaltningsniv\u00e5.<\/p>\n<p>\u2013 Vi vill g\u00e4rna ha en dialog om hur vi kan l\u00f6sa det. Om det \u00e4r ett aktivt beslut att vi ska ha det h\u00e4r systemet, s\u00e5 beh\u00f6vs ocks\u00e5 aktiva beslut om vad vi inte ska g\u00f6ra. Vi ser att det \u00e4r ett arbetsmilj\u00f6problem d\u00e4r man sitter \u00f6ver f\u00f6r att hinna bli klar, s\u00e4ger hon.<\/p>\n<p>\u2013 Det vi vill \u00e4r att m\u00f6jligheten att diktera finns kvar f\u00f6r dem som hellre vill arbeta s\u00e5, \u00e5tminstone tills vi har ett program som fungerar b\u00e4ttre \u00e4n de alternativ vi har nu. Digitala l\u00f6sningar ska underl\u00e4tta, inte f\u00f6rsv\u00e5ra arbetet.<\/p>\n<p>Harald Roos, medicinsk programchef f\u00f6r SDV, \u00e4r inte heller f\u00f6rv\u00e5nad \u00f6ver enk\u00e4tens resultat.\u00a0<\/p>\n<p>\u2013 Absolut inte, det \u00e4r v\u00e4ldigt v\u00e4lk\u00e4nt.\u00a0<\/p>\n<p>Han s\u00e4ger att han har full respekt f\u00f6r l\u00e4karnas upplevelse och att han delar bilden att taligenk\u00e4nningsverktyget inte \u00e4r optimalt.\u00a0<\/p>\n<p>\u2013 Det \u00e4r det f\u00f6rsta i en mognadstrappa som g\u00e5r ganska brant upp\u00e5t. Det anv\u00e4nder till exempel inte moderna funktioner som chatGPT. Vi ser att det kan fungera v\u00e4ldigt bra i vissa enheter, som r\u00f6ntgen till exempel, medan det kan bli problem i andra.\u00a0<\/p>\n<p>Att h\u00e5lla kvar vid diktering mot medicinska sekreterare \u00e4r dock inget alternativ, s\u00e4ger Harald Roos.\u00a0<\/p>\n<p>\u2013 F\u00f6r att kunna effektivisera v\u00e5rden beh\u00f6ver vi dokumentation i realtid. Det har ocks\u00e5 tagits ett regionalt beslut till SDV att vi inte ska diktering till sekreterare, s\u00e5 antingen f\u00e5r man skriva sj\u00e4lv eller anv\u00e4nda det verktyg som erbjuds just nu.\u00a0<\/p>\n<p>Harald Roos har dock ett lugnande besked till l\u00e4karna \u2013 det p\u00e5g\u00e5r en intensiv jakt p\u00e5 ett b\u00e4ttre verktyg.<\/p>\n<p>\u2013 V\u00e5r str\u00e4van och f\u00f6rhoppning \u00e4r att vi ska f\u00e5 det p\u00e5 plats s\u00e5 snart som m\u00f6jligt, helst till driftstarten av SDV. Vi har fullt fokus p\u00e5 det.<\/p>\n","protected":false},"excerpt":{"rendered":"En stor andel av de sk\u00e5nska l\u00e4kare som svarat p\u00e5 enk\u00e4ten tycker att regionens program f\u00f6r taligenk\u00e4nning \u2013&hellip;\n","protected":false},"author":2,"featured_media":71555,"comment_status":"","ping_status":"","sticky":false,"template":"","format":"standard","meta":{"footnotes":""},"categories":[69],"tags":[113,112,34,31,33,32,30],"class_list":{"0":"post-71554","1":"post","2":"type-post","3":"status-publish","4":"format-standard","5":"has-post-thumbnail","7":"category-halsa","8":"tag-halsa","9":"tag-health","10":"tag-se","11":"tag-svenska","12":"tag-sverige","13":"tag-sweden","14":"tag-swedish"},"share_on_mastodon":{"url":"https:\/\/pubeurope.com\/@se\/115487091293474288","error":""},"_links":{"self":[{"href":"https:\/\/www.europesays.com\/se\/wp-json\/wp\/v2\/posts\/71554","targetHints":{"allow":["GET"]}}],"collection":[{"href":"https:\/\/www.europesays.com\/se\/wp-json\/wp\/v2\/posts"}],"about":[{"href":"https:\/\/www.europesays.com\/se\/wp-json\/wp\/v2\/types\/post"}],"author":[{"embeddable":true,"href":"https:\/\/www.europesays.com\/se\/wp-json\/wp\/v2\/users\/2"}],"replies":[{"embeddable":true,"href":"https:\/\/www.europesays.com\/se\/wp-json\/wp\/v2\/comments?post=71554"}],"version-history":[{"count":0,"href":"https:\/\/www.europesays.com\/se\/wp-json\/wp\/v2\/posts\/71554\/revisions"}],"wp:featuredmedia":[{"embeddable":true,"href":"https:\/\/www.europesays.com\/se\/wp-json\/wp\/v2\/media\/71555"}],"wp:attachment":[{"href":"https:\/\/www.europesays.com\/se\/wp-json\/wp\/v2\/media?parent=71554"}],"wp:term":[{"taxonomy":"category","embeddable":true,"href":"https:\/\/www.europesays.com\/se\/wp-json\/wp\/v2\/categories?post=71554"},{"taxonomy":"post_tag","embeddable":true,"href":"https:\/\/www.europesays.com\/se\/wp-json\/wp\/v2\/tags?post=71554"}],"curies":[{"name":"wp","href":"https:\/\/api.w.org\/{rel}","templated":true}]}}