{"id":71557,"date":"2025-11-03T18:25:13","date_gmt":"2025-11-03T18:25:13","guid":{"rendered":"https:\/\/www.europesays.com\/se\/71557\/"},"modified":"2025-11-03T18:25:13","modified_gmt":"2025-11-03T18:25:13","slug":"roda-korset-20-doda-och-over-960-skadade-efter-jordbavning","status":"publish","type":"post","link":"https:\/\/www.europesays.com\/se\/71557\/","title":{"rendered":"R\u00f6da Korset: 20 d\u00f6da och \u00f6ver 960 skadade efter jordb\u00e4vning"},"content":{"rendered":"<p>Jordb\u00e4vningen i Afghanistan hade magnituden 6,3 och utl\u00f6stes ungef\u00e4r tv\u00e5 mil fr\u00e5n staden Khulm n\u00e4ra storstaden Mazar-e Sharif p\u00e5 28 kilometers djup.<\/p>\n<p>\u201dJordb\u00e4vningarna blir allt starkare\u201d<\/p>\n<p>Skalvet k\u00e4ndes \u00e4ven i huvudstaden Kabul, vilket enligt Hosam Faysal \u00e4r ovanligt med tanke p\u00e5 det l\u00e5nga avst\u00e5ndet.<\/p>\n<p>\u2013 Jag vaknade faktiskt runt klockan 01 p\u00e5 natten i mitt rum och k\u00e4nde jordb\u00e4vningen tydligt, s\u00e4ger han.<\/p>\n<p>\u2013 Jordb\u00e4vningarna blir allt starkare och mer frekventa i denna del av v\u00e4rlden.<\/p>\n<p>Situationen blev allt tydligare under morgonen vad g\u00e4ller skadorna p\u00e5 infrastrukturen, s\u00e4rskilt v\u00e4garna, s\u00e4ger Faysal.<\/p>\n<p>\u2013 Men \u00e4nd\u00e5 var familjer tvungna att f\u00f6rflyttas fr\u00e5n sina hem p\u00e5 grund av skalvets konsekvenser.<\/p>\n<p>R\u00f6da Korsets arbete p\u00e5 platsen har handlat om att bist\u00e5 med s\u00f6k- och r\u00e4ddningsinsatser, f\u00f6rsta hj\u00e4lpen, evakuering och tillhandah\u00e5llande av skydd.<\/p>\n<p>\u2013 V\u00e5ra prioriteringar \u00e4r fler l\u00f6sningar f\u00f6r skydd, rent vatten och medicinsk support, samt att ta h\u00e4nsyn till effekterna av vintern som just b\u00f6rjat h\u00e4r, s\u00e4ger Hosam Faysal.<\/p>\n<p>En av m\u00e5nga jordb\u00e4vningar<\/p>\n<p>Afghanistan har varit olycksdrabbat med flera jordb\u00e4vningar under kort tid. I augusti omkom mer \u00e4n 2\u00a0200 personer n\u00e4r ett skalv med magnituden 6,0 slog mot \u00f6stra Afghanistan, fr\u00e4mst mot Kunar-provinsen.<\/p>\n<p>Jordb\u00e4vningen gjorde att tusentals hem f\u00f6rst\u00f6rdes och ledde till en mycket akut humanit\u00e4r kris i landet.<\/p>\n","protected":false},"excerpt":{"rendered":"Jordb\u00e4vningen i Afghanistan hade magnituden 6,3 och utl\u00f6stes ungef\u00e4r tv\u00e5 mil fr\u00e5n staden Khulm n\u00e4ra storstaden Mazar-e Sharif&hellip;\n","protected":false},"author":2,"featured_media":71558,"comment_status":"","ping_status":"","sticky":false,"template":"","format":"standard","meta":{"footnotes":""},"categories":[14],"tags":[22,23,26,27,17,21,24,25,28,29,15,16,18,34,31,33,32,30,19,20,51,52,53,54],"class_list":{"0":"post-71557","1":"post","2":"type-post","3":"status-publish","4":"format-standard","5":"has-post-thumbnail","7":"category-varlden","8":"tag-breaking-news","9":"tag-breakingnews","10":"tag-featured-news","11":"tag-featurednews","12":"tag-headlines","13":"tag-huvudnyheter","14":"tag-latest-news","15":"tag-latestnews","16":"tag-main-news","17":"tag-mainnews","18":"tag-news","19":"tag-nyheter","20":"tag-rubriker","21":"tag-se","22":"tag-svenska","23":"tag-sverige","24":"tag-sweden","25":"tag-swedish","26":"tag-top-stories","27":"tag-topstories","28":"tag-varlden","29":"tag-world","30":"tag-world-news","31":"tag-worldnews"},"share_on_mastodon":{"url":"https:\/\/pubeurope.com\/@se\/115487173818507993","error":""},"_links":{"self":[{"href":"https:\/\/www.europesays.com\/se\/wp-json\/wp\/v2\/posts\/71557","targetHints":{"allow":["GET"]}}],"collection":[{"href":"https:\/\/www.europesays.com\/se\/wp-json\/wp\/v2\/posts"}],"about":[{"href":"https:\/\/www.europesays.com\/se\/wp-json\/wp\/v2\/types\/post"}],"author":[{"embeddable":true,"href":"https:\/\/www.europesays.com\/se\/wp-json\/wp\/v2\/users\/2"}],"replies":[{"embeddable":true,"href":"https:\/\/www.europesays.com\/se\/wp-json\/wp\/v2\/comments?post=71557"}],"version-history":[{"count":0,"href":"https:\/\/www.europesays.com\/se\/wp-json\/wp\/v2\/posts\/71557\/revisions"}],"wp:featuredmedia":[{"embeddable":true,"href":"https:\/\/www.europesays.com\/se\/wp-json\/wp\/v2\/media\/71558"}],"wp:attachment":[{"href":"https:\/\/www.europesays.com\/se\/wp-json\/wp\/v2\/media?parent=71557"}],"wp:term":[{"taxonomy":"category","embeddable":true,"href":"https:\/\/www.europesays.com\/se\/wp-json\/wp\/v2\/categories?post=71557"},{"taxonomy":"post_tag","embeddable":true,"href":"https:\/\/www.europesays.com\/se\/wp-json\/wp\/v2\/tags?post=71557"}],"curies":[{"name":"wp","href":"https:\/\/api.w.org\/{rel}","templated":true}]}}