{"id":71577,"date":"2025-11-03T19:17:18","date_gmt":"2025-11-03T19:17:18","guid":{"rendered":"https:\/\/www.europesays.com\/se\/71577\/"},"modified":"2025-11-03T19:17:18","modified_gmt":"2025-11-03T19:17:18","slug":"lovenbacken-anmals-for-knatackling-i-efterhand","status":"publish","type":"post","link":"https:\/\/www.europesays.com\/se\/71577\/","title":{"rendered":"L\u00f6venbacken anm\u00e4ls f\u00f6r kn\u00e4tackling \u2013 i efterhand"},"content":{"rendered":"<p><strong><a href=\"https:\/\/hockeysverige.se\/klubb\/if-bjorkloven\/\" rel=\"nofollow noopener\" target=\"_blank\">Bj\u00f6rkl\u00f6vens<\/a> Matt Cairns anm\u00e4ls f\u00f6r kn\u00e4tackling efter g\u00e5rdagens match mot <a href=\"https:\/\/hockeysverige.se\/klubb\/mora-ik\/\" rel=\"nofollow noopener\" target=\"_blank\">Mora<\/a>. <\/strong><br \/><strong>Domarna missade situationen p\u00e5 isen men disciplinn\u00e4mnden har uppr\u00e4ttat en anm\u00e4lan i efterhand.<\/strong><\/p>\n<p><img loading=\"lazy\" decoding=\"async\" width=\"1024\" height=\"658\" src=\"https:\/\/www.europesays.com\/se\/wp-content\/uploads\/2025\/11\/Mora-Loven-1024x658.webp.webp\" alt=\"\" class=\"wp-image-321769\"  \/>Mora IK \u2013 Bj\u00f6rkl\u00f6ven.<br \/>\nFoto: Daniel Eriksson\/Bildbyr\u00e5n.<\/p>\n<p>Matt Cairns har inte f\u00e5tt det att lyfta under s\u00e4songsinledningen \u2013 backen har inte lyckats ta en enda po\u00e4ng p\u00e5 de f\u00f6rsta femton matcherna.<\/p>\n<p>Nu \u00e5ker 27-\u00e5ringen p\u00e5 ytterligare ett bakslag. Efter g\u00e5rdagens match mellan Bj\u00f6rkl\u00f6ven och Mora anm\u00e4ls backen f\u00f6r en kn\u00e4tackling som ska ha intr\u00e4ffat i b\u00f6rjan av f\u00f6rsta perioden.<\/p>\n<p>Det var n\u00e4r Moras Hampus Larsson skulle ta sig \u00f6ver r\u00f6dlinjen som Matt Cairns klev upp f\u00f6r att s\u00e4tta stopp. 27-\u00e5ringen missade dock Larsson och tr\u00e4ffade ist\u00e4llet med kn\u00e4t, h\u00e4ndelsen uppm\u00e4rksammades inte p\u00e5 isen men nu har disciplinn\u00e4mnden efteranm\u00e4lt situationen.<\/p>\n<p>\u2013 Matthew Cairns, kliver upp vid r\u00f6dlinjen f\u00f6r att tackla, men missar kroppskontakten och tr\u00e4ffar Larsson med sitt kn\u00e4 \u00f6ver dennes kn\u00e4. H\u00e4ndelsen bed\u00f6ms som en tackling som leds med kn\u00e4et och anm\u00e4ls som Kneeing, skriver disciplinn\u00e4mnden p\u00e5 <a href=\"https:\/\/www.hockeyallsvenskan.se\/article\/h9dat54-1el1\/view\" rel=\"nofollow noopener\" target=\"_blank\">Hockeyallsvenskans hemsida<\/a>.<\/p>\n<p> Source: <a href=\"https:\/\/www.eliteprospects.com\/player\/245621\/matt-cairns\" target=\"_blank\" rel=\"noopener noreferrer nofollow\">Matt Cairns<\/a> @ Elite Prospects<\/p>\n","protected":false},"excerpt":{"rendered":"Bj\u00f6rkl\u00f6vens Matt Cairns anm\u00e4ls f\u00f6r kn\u00e4tackling efter g\u00e5rdagens match mot Mora. Domarna missade situationen p\u00e5 isen men disciplinn\u00e4mnden&hellip;\n","protected":false},"author":2,"featured_media":71578,"comment_status":"","ping_status":"","sticky":false,"template":"","format":"standard","meta":{"footnotes":""},"categories":[68],"tags":[621,34,133,111,110,31,33,32,30],"class_list":{"0":"post-71577","1":"post","2":"type-post","3":"status-publish","4":"format-standard","5":"has-post-thumbnail","7":"category-sport","8":"tag-hockeyallsvenskan","9":"tag-se","10":"tag-second-news","11":"tag-sport","12":"tag-sports","13":"tag-svenska","14":"tag-sverige","15":"tag-sweden","16":"tag-swedish"},"share_on_mastodon":{"url":"https:\/\/pubeurope.com\/@se\/115487378377033202","error":""},"_links":{"self":[{"href":"https:\/\/www.europesays.com\/se\/wp-json\/wp\/v2\/posts\/71577","targetHints":{"allow":["GET"]}}],"collection":[{"href":"https:\/\/www.europesays.com\/se\/wp-json\/wp\/v2\/posts"}],"about":[{"href":"https:\/\/www.europesays.com\/se\/wp-json\/wp\/v2\/types\/post"}],"author":[{"embeddable":true,"href":"https:\/\/www.europesays.com\/se\/wp-json\/wp\/v2\/users\/2"}],"replies":[{"embeddable":true,"href":"https:\/\/www.europesays.com\/se\/wp-json\/wp\/v2\/comments?post=71577"}],"version-history":[{"count":0,"href":"https:\/\/www.europesays.com\/se\/wp-json\/wp\/v2\/posts\/71577\/revisions"}],"wp:featuredmedia":[{"embeddable":true,"href":"https:\/\/www.europesays.com\/se\/wp-json\/wp\/v2\/media\/71578"}],"wp:attachment":[{"href":"https:\/\/www.europesays.com\/se\/wp-json\/wp\/v2\/media?parent=71577"}],"wp:term":[{"taxonomy":"category","embeddable":true,"href":"https:\/\/www.europesays.com\/se\/wp-json\/wp\/v2\/categories?post=71577"},{"taxonomy":"post_tag","embeddable":true,"href":"https:\/\/www.europesays.com\/se\/wp-json\/wp\/v2\/tags?post=71577"}],"curies":[{"name":"wp","href":"https:\/\/api.w.org\/{rel}","templated":true}]}}