{"id":71592,"date":"2025-11-03T19:38:09","date_gmt":"2025-11-03T19:38:09","guid":{"rendered":"https:\/\/www.europesays.com\/se\/71592\/"},"modified":"2025-11-03T19:38:09","modified_gmt":"2025-11-03T19:38:09","slug":"18-aring-haktad-misstanks-ha-salt-giftig-sprit-till-unga","status":"publish","type":"post","link":"https:\/\/www.europesays.com\/se\/71592\/","title":{"rendered":"18-\u00e5ring h\u00e4ktad \u2013 misst\u00e4nks ha s\u00e5lt giftig sprit till unga"},"content":{"rendered":"<p><img decoding=\"async\" class=\"Image Image_\" src=\"\" data-aghref=\"http:\/\/www.mitti.se\/image-3.208052.262413.20251103155434.2823717835\" data-agimagetype=\"hardcrop\" alt=\"Kommunpolis f\u00f6r Kungsholmen, Ola \u00c5kesson, beskriver lagningen som &quot;problematiskt och oroande&quot;.\"\/><\/p>\n<p class=\"Caption\">Kommunpolis f\u00f6r Kungsholmen, Ola \u00c5kesson, beskriver lagningen som &#8221;problematiskt och oroande&#8221;.<\/p>\n<p class=\"Source\">Johanna Wall\u00e9n<\/p>\n<p>En 18-\u00e5ring greps nyligen p\u00e5 Kungsholmen d\u00e5 han enligt polisen var i f\u00e4rd med att s\u00e4lja sprit till tv\u00e5 ton\u00e5rspojkar. Han \u00e4r \u00e4ven misst\u00e4nkt f\u00f6r att tidigare ha s\u00e5lt sprit till flickor som blev kraftigt alkoholf\u00f6rgiftade. Mannen har nu h\u00e4ktats. <\/p>\n<p class=\"text\">Mannen greps vid Konradsbergsparken misst\u00e4nkt f\u00f6r att vara i f\u00e4rd med att s\u00e4lja sprit till minder\u00e5riga. Vid gripandet togs omkring 20 spritflaskor i beslag.<\/p>\n<p class=\"text\">\u2013 Min uppfattning \u00e4r tyv\u00e4rr att ungdomarna fortfarande tar de risker det inneb\u00e4r att k\u00f6pa sprit. Det \u00e4r s\u00e5 klart problematiskt och oroande. Spriten som s\u00e4ljs klassas inte som drickbar, och i stort sett alla flaskor som skickas p\u00e5 analys efter de beslag vi g\u00f6r har visats sig inneh\u00e5lla giftiga och skadliga \u00e4mnen, s\u00e4ger kommunpolisen Ola \u00c5kesson.<\/p>\n<p><img decoding=\"async\" class=\"Image Image_\" src=\"\" data-aghref=\"http:\/\/www.mitti.se\/image-3.347194.262413.20251103155434.c69f5f53ba\" data-agimagetype=\"hardcrop\" alt=\"Polisen p\u00e5 Kungsholmen tog ett 20-tal spritflaskor i beslag i samband med alkoholf\u00f6rs\u00e4ljning till minder\u00e5riga.\"\/><\/p>\n<p class=\"Caption\">Polisen p\u00e5 Kungsholmen tog ett 20-tal spritflaskor i beslag i samband med alkoholf\u00f6rs\u00e4ljning till minder\u00e5riga.<\/p>\n<p class=\"Source\">Polisen Kungsholmen<\/p>\n<p class=\"text\">Vid gripandet av mannen kontrollerades \u00e4ven tv\u00e5 ton\u00e5rspojkar. Enligt polisen hade de \u00e5kt dit f\u00f6r att k\u00f6pa sprit av den nu h\u00e4ktade mannen. Ingen av pojkarna \u00e4r misst\u00e4nkt f\u00f6r brott. <\/p>\n<p class=\"text\">\u2013 Vi f\u00f6rs\u00f6ker p\u00e5 olika s\u00e4tt kommunicera ut riskerna till f\u00f6r\u00e4ldrar och ungdomar. Att dricka spriten \u00e4r livsfarligt.<\/p>\n<p class=\"text\">Mannen har nu h\u00e4ktats f\u00f6r brott mot alkohollagen och olovlig f\u00f6rs\u00e4ljning av alkohol. Han \u00e4r misst\u00e4nkt i totalt tre liknande \u00e4renden. Nationellt mediecenter bekr\u00e4ftar att han bland annat \u00e4r misst\u00e4nkt f\u00f6r att ha s\u00e5lt sprit till minder\u00e5riga flickor p\u00e5 S\u00f6dermalm f\u00f6r n\u00e5gra veckor sedan. Enligt polisen blev flickorna kraftigt alkoholf\u00f6rgiftade. <\/p>\n<p><img decoding=\"async\" class=\"Image Image_\" src=\"\" data-aghref=\"http:\/\/www.mitti.se\/image-3.347197.262413.20251103155434.1.055cf39b48\" data-agimagetype=\"hardcrop\" alt=\"Mannen som sitter h\u00e4ktad s\u00e5lde spriten via Snapchat.\"\/><\/p>\n<p class=\"Caption\">Mannen som sitter h\u00e4ktad s\u00e5lde spriten via Snapchat.<\/p>\n<p class=\"Source\">Annika Staf<\/p>\n<p class=\"text\">Vid tidigare analyser av beslagtagna flaskor har det visat sig att v\u00e4tskan inneh\u00e5llit farliga och giftiga \u00e4mnen \u2013 bland annat bensalkonium, ett bakteried\u00f6dande medel som finns i reng\u00f6ringsprodukter.<\/p>\n<p class=\"text\">Den h\u00e4ktade mannen tros ha st\u00e4mt tr\u00e4ff med de minder\u00e5riga via Snapchat. Polisen menar att det \u00e4r sv\u00e5rt att komma \u00e5t f\u00f6rs\u00e4ljningen som sker via sociala medier.<\/p>\n<p class=\"text\">\u2013 Det \u00e4r arenor som vi inte har full insyn i. I vissa fall \u00e4r det langaren som tar kontakt med ungdomen. De blir d\u00e5 lockade till att handla, s\u00e4ger Ola \u00c5kesson.<\/p>\n<p class=\"faktarubrik\">Snapchat och f\u00f6rs\u00e4ljning till minder\u00e5riga:<\/p>\n<p class=\"fakta\">Snapchat \u00e4r en app som anv\u00e4nds f\u00f6r att skicka bilder, videos och meddelanden som f\u00f6rsvinner efter en kort tid. <\/p>\n<p class=\"fakta\">Anv\u00e4ndare: Vanligast bland personer mellan 13 och 25 \u00e5r.<\/p>\n<p class=\"fakta\">Narkotika: Langare anv\u00e4nder appen f\u00f6r att s\u00e4lja droger, ofta via tillf\u00e4lliga konton eller kodord i stories och kartfunktionen Snap Map.<\/p>\n<p class=\"fakta\">Sprit: Minder\u00e5riga kan best\u00e4lla alkohol via anonyma konton som erbjuder hemleverans eller f\u00f6rs\u00e4ljning via tr\u00e4ffar p\u00e5 allm\u00e4n plats.<\/p>\n<p class=\"fakta\">Nikotinprodukter: F\u00f6rs\u00e4ljning av vape, vitt snus och cigaretter sker ofta \u00f6ppet via stories och direktmeddelanden.<\/p>\n<p class=\"fakta\">Varf\u00f6r Snapchat anv\u00e4nds f\u00f6r detta: Meddelanden f\u00f6rsvinner snabbt och \u00e4r sv\u00e5ra att sp\u00e5ra, samt att det \u00e4r enkelt att skapa nya anonyma konton.<\/p>\n<p class=\"fakta\">Appens kartfunktion g\u00f6r det l\u00e4tt att hitta personer i n\u00e4rheten.<\/p>\n<p class=\"faktakalla\">K\u00e4lla: Centralf\u00f6rbundet f\u00f6r alkohol\u2011 och narkotikaupplysning<\/p>\n<p class=\"citat\">Att dricka spriten \u00e4r livsfarligt.<\/p>\n","protected":false},"excerpt":{"rendered":"Kommunpolis f\u00f6r Kungsholmen, Ola \u00c5kesson, beskriver lagningen som &#8221;problematiskt och oroande&#8221;. Johanna Wall\u00e9n En 18-\u00e5ring greps nyligen p\u00e5&hellip;\n","protected":false},"author":2,"featured_media":71593,"comment_status":"","ping_status":"","sticky":false,"template":"","format":"standard","meta":{"footnotes":""},"categories":[12],"tags":[22,23,26,27,17,21,24,25,28,29,15,16,18,34,31,33,32,30,19,20],"class_list":{"0":"post-71592","1":"post","2":"type-post","3":"status-publish","4":"format-standard","5":"has-post-thumbnail","7":"category-sverige","8":"tag-breaking-news","9":"tag-breakingnews","10":"tag-featured-news","11":"tag-featurednews","12":"tag-headlines","13":"tag-huvudnyheter","14":"tag-latest-news","15":"tag-latestnews","16":"tag-main-news","17":"tag-mainnews","18":"tag-news","19":"tag-nyheter","20":"tag-rubriker","21":"tag-se","22":"tag-svenska","23":"tag-sverige","24":"tag-sweden","25":"tag-swedish","26":"tag-top-stories","27":"tag-topstories"},"share_on_mastodon":{"url":"https:\/\/pubeurope.com\/@se\/115487460820707519","error":""},"_links":{"self":[{"href":"https:\/\/www.europesays.com\/se\/wp-json\/wp\/v2\/posts\/71592","targetHints":{"allow":["GET"]}}],"collection":[{"href":"https:\/\/www.europesays.com\/se\/wp-json\/wp\/v2\/posts"}],"about":[{"href":"https:\/\/www.europesays.com\/se\/wp-json\/wp\/v2\/types\/post"}],"author":[{"embeddable":true,"href":"https:\/\/www.europesays.com\/se\/wp-json\/wp\/v2\/users\/2"}],"replies":[{"embeddable":true,"href":"https:\/\/www.europesays.com\/se\/wp-json\/wp\/v2\/comments?post=71592"}],"version-history":[{"count":0,"href":"https:\/\/www.europesays.com\/se\/wp-json\/wp\/v2\/posts\/71592\/revisions"}],"wp:featuredmedia":[{"embeddable":true,"href":"https:\/\/www.europesays.com\/se\/wp-json\/wp\/v2\/media\/71593"}],"wp:attachment":[{"href":"https:\/\/www.europesays.com\/se\/wp-json\/wp\/v2\/media?parent=71592"}],"wp:term":[{"taxonomy":"category","embeddable":true,"href":"https:\/\/www.europesays.com\/se\/wp-json\/wp\/v2\/categories?post=71592"},{"taxonomy":"post_tag","embeddable":true,"href":"https:\/\/www.europesays.com\/se\/wp-json\/wp\/v2\/tags?post=71592"}],"curies":[{"name":"wp","href":"https:\/\/api.w.org\/{rel}","templated":true}]}}