{"id":71594,"date":"2025-11-03T19:39:16","date_gmt":"2025-11-03T19:39:16","guid":{"rendered":"https:\/\/www.europesays.com\/se\/71594\/"},"modified":"2025-11-03T19:39:16","modified_gmt":"2025-11-03T19:39:16","slug":"allvarlig-olycka-%c2%96-pojke-fastklamd-under-en-bil-bjarenu-se","status":"publish","type":"post","link":"https:\/\/www.europesays.com\/se\/71594\/","title":{"rendered":"Allvarlig olycka \u0096 pojke fastkl\u00e4md under en bil \u00bb bjarenu.se"},"content":{"rendered":"<p>Av Per Broll\u00e9us<\/p>\n<p><strong>En allvarlig olycka har intr\u00e4ffat p\u00e5 Malen i B\u00e5stad. En pojke under 15 \u00e5r hamnade under en mindre sk\u00e5pbil. Enligt polisen r\u00f6r det sig om livshotande skador.<\/strong><\/p>\n<p>Foto: MiB<\/p>\n<p><b>Olyckan intr\u00e4ffade vid 15-tiden<\/b> i korsningen Parkv\u00e4gen och Hjorts gata. F\u00f6r att fram den fastkl\u00e4mde pojken tvingades r\u00e4ddningstj\u00e4nsten med hj\u00e4lp av domkrafter lyfta upp sk\u00e5pbilen, ett arbete som kr\u00e4vde tid och precision.<\/p>\n<p>Ambulanspersonal och folk fr\u00e5n r\u00e4ddningstj\u00e4nsten jobbade i \u00f6ver 40 minuter med att f\u00e5 loss pojken, som strax innan klockan 16 f\u00f6rdes till sjukhus.<\/p>\n<p>\u0096 Pojken har livshotande skador och polisen har pratat med hans anh\u00f6riga, s\u00e4ger polisens presstalesperson Evelina Ohlsson.<\/p>\n<p>\u0096 Vi finns kvar p\u00e5 olycksplatsen f\u00f6r teknisk unders\u00f6kning. I nul\u00e4get har vi inte n\u00e5gra brottsrubriceringar i \u00e4rendet.<\/p>\n","protected":false},"excerpt":{"rendered":"Av Per Broll\u00e9us En allvarlig olycka har intr\u00e4ffat p\u00e5 Malen i B\u00e5stad. En pojke under 15 \u00e5r hamnade&hellip;\n","protected":false},"author":2,"featured_media":71595,"comment_status":"","ping_status":"","sticky":false,"template":"","format":"standard","meta":{"footnotes":""},"categories":[5],"tags":[22,23,26,27,17,21,24,25,28,29,15,16,18,34,31,33,32,30,19,20],"class_list":{"0":"post-71594","1":"post","2":"type-post","3":"status-publish","4":"format-standard","5":"has-post-thumbnail","7":"category-rubriker","8":"tag-breaking-news","9":"tag-breakingnews","10":"tag-featured-news","11":"tag-featurednews","12":"tag-headlines","13":"tag-huvudnyheter","14":"tag-latest-news","15":"tag-latestnews","16":"tag-main-news","17":"tag-mainnews","18":"tag-news","19":"tag-nyheter","20":"tag-rubriker","21":"tag-se","22":"tag-svenska","23":"tag-sverige","24":"tag-sweden","25":"tag-swedish","26":"tag-top-stories","27":"tag-topstories"},"share_on_mastodon":{"url":"https:\/\/pubeurope.com\/@se\/115487464711697620","error":""},"_links":{"self":[{"href":"https:\/\/www.europesays.com\/se\/wp-json\/wp\/v2\/posts\/71594","targetHints":{"allow":["GET"]}}],"collection":[{"href":"https:\/\/www.europesays.com\/se\/wp-json\/wp\/v2\/posts"}],"about":[{"href":"https:\/\/www.europesays.com\/se\/wp-json\/wp\/v2\/types\/post"}],"author":[{"embeddable":true,"href":"https:\/\/www.europesays.com\/se\/wp-json\/wp\/v2\/users\/2"}],"replies":[{"embeddable":true,"href":"https:\/\/www.europesays.com\/se\/wp-json\/wp\/v2\/comments?post=71594"}],"version-history":[{"count":0,"href":"https:\/\/www.europesays.com\/se\/wp-json\/wp\/v2\/posts\/71594\/revisions"}],"wp:featuredmedia":[{"embeddable":true,"href":"https:\/\/www.europesays.com\/se\/wp-json\/wp\/v2\/media\/71595"}],"wp:attachment":[{"href":"https:\/\/www.europesays.com\/se\/wp-json\/wp\/v2\/media?parent=71594"}],"wp:term":[{"taxonomy":"category","embeddable":true,"href":"https:\/\/www.europesays.com\/se\/wp-json\/wp\/v2\/categories?post=71594"},{"taxonomy":"post_tag","embeddable":true,"href":"https:\/\/www.europesays.com\/se\/wp-json\/wp\/v2\/tags?post=71594"}],"curies":[{"name":"wp","href":"https:\/\/api.w.org\/{rel}","templated":true}]}}