{"id":71621,"date":"2025-11-03T20:02:18","date_gmt":"2025-11-03T20:02:18","guid":{"rendered":"https:\/\/www.europesays.com\/se\/71621\/"},"modified":"2025-11-03T20:02:18","modified_gmt":"2025-11-03T20:02:18","slug":"rekordmanga-utstallare-pa-litteraturens-lordag-nerikes-allehanda","status":"publish","type":"post","link":"https:\/\/www.europesays.com\/se\/71621\/","title":{"rendered":"Rekordm\u00e5nga utst\u00e4llare p\u00e5 Litteraturens l\u00f6rdag \u2013 Nerikes Allehanda"},"content":{"rendered":"<p>Nu \u00e4r det dags igen f\u00f6r \u00d6rebros egen bokm\u00e4ssa \u2013 Litteraturens l\u00f6rdag.<\/p>\n<p>I \u00e5r sl\u00e5r man rekord i antal utst\u00e4llare och lockar k\u00e4ndisar som Anna Jansson, Kalle Lind och Erika Bjerstr\u00f6m.<\/p>\n<p>\u2013 Vi kommer att ha fem scener och 38 olika programpunkter, s\u00e4ger projektledaren Martin Dyfverman.<\/p>\n<p><img loading=\"lazy\" decoding=\"async\" width=\"980\" height=\"551\" class=\"article-image article-image--featured\" alt=\"Kalle Lind, k\u00e4nd radior\u00f6st och f\u00f6rfattare, \u00e4r ett av dragpl\u00e5stren p\u00e5 \u00e5rets Litteraturens l\u00f6rdag. Han kommer att spela in podden Snedt\u00e4nkt under dagen, \u00e4mnet \u00e4r popul\u00e4rkultur i N\u00e4rke.\" src=\"https:\/\/www.europesays.com\/se\/wp-content\/uploads\/2025\/11\/0a929d7d-54f4-4bf1-96f3-fb62e374d27d.jpg\"  \/><a class=\"article__lightbox-link\" href=\"https:\/\/static.bonniernews.se\/ba\/0a929d7d-54f4-4bf1-96f3-fb62e374d27d.jpg?crop=6158%2C3464%2Cx0%2Cy73&amp;width=1400&amp;format=pjpg&amp;auto=avif\" data-pswp-width=\"1400\" data-pswp-height=\"788\" data-pswp-caption=\"Kalle Lind, k\u00e4nd radior\u00f6st och f\u00f6rfattare, \u00e4r ett av dragpl\u00e5stren p\u00e5 \u00e5rets Litteraturens l\u00f6rdag. Han kommer att spela in podden Snedt\u00e4nkt under dagen, \u00e4mnet \u00e4r popul\u00e4rkultur i N\u00e4rke. Bild: G.LILJEVALL\" data-pswp- rel=\"nofollow noopener\" target=\"_blank\">\u00d6ppna bild i helsk\u00e4rmsl\u00e4ge<\/a><\/p>\n<p class=\"txt-style-muted\" aria-hidden=\"true\">Kalle Lind, k\u00e4nd radior\u00f6st och f\u00f6rfattare, \u00e4r ett av dragpl\u00e5stren p\u00e5 \u00e5rets Litteraturens l\u00f6rdag. Han kommer att spela in podden Snedt\u00e4nkt under dagen, \u00e4mnet \u00e4r popul\u00e4rkultur i N\u00e4rke.<\/p>\n<p class=\"article__figcaption-attribution txt-style-muted\">Bild: G.LILJEVALL<\/p>\n<p>\u00d6rebro har haft olika bokm\u00e4ssor genom \u00e5ren. De senaste nio \u00e5ren heter evenemanget Litteraturens l\u00f6rdag och arrang\u00f6rer \u00e4r Samfundet bokv\u00e4nnerna. Tidigare var man p\u00e5 Kulturkvarteret men f\u00f6rra \u00e5ret flyttade Litteraturens l\u00f6rdag till Conventum och Medborgarhuset.<\/p>\n<p>Tekniskt fel<\/p>\n<p class=\"message__text txt-ui txt-ui-2\">V\u00e4nligen f\u00f6rs\u00f6k igen senare.<\/p>\n<p>Den h\u00e4r artikeln \u00e4r bara f\u00f6r prenumeranter<\/p>\n<p class=\"txt-body txt-body-1\">Om du redan \u00e4r prenumerant: logga in!<\/p>\n","protected":false},"excerpt":{"rendered":"Nu \u00e4r det dags igen f\u00f6r \u00d6rebros egen bokm\u00e4ssa \u2013 Litteraturens l\u00f6rdag. I \u00e5r sl\u00e5r man rekord i&hellip;\n","protected":false},"author":2,"featured_media":71622,"comment_status":"","ping_status":"","sticky":false,"template":"","format":"standard","meta":{"footnotes":""},"categories":[12],"tags":[22,23,26,27,17,21,24,25,28,29,15,16,18,34,31,33,32,30,19,20],"class_list":{"0":"post-71621","1":"post","2":"type-post","3":"status-publish","4":"format-standard","5":"has-post-thumbnail","7":"category-sverige","8":"tag-breaking-news","9":"tag-breakingnews","10":"tag-featured-news","11":"tag-featurednews","12":"tag-headlines","13":"tag-huvudnyheter","14":"tag-latest-news","15":"tag-latestnews","16":"tag-main-news","17":"tag-mainnews","18":"tag-news","19":"tag-nyheter","20":"tag-rubriker","21":"tag-se","22":"tag-svenska","23":"tag-sverige","24":"tag-sweden","25":"tag-swedish","26":"tag-top-stories","27":"tag-topstories"},"share_on_mastodon":{"url":"https:\/\/pubeurope.com\/@se\/115487555256578581","error":""},"_links":{"self":[{"href":"https:\/\/www.europesays.com\/se\/wp-json\/wp\/v2\/posts\/71621","targetHints":{"allow":["GET"]}}],"collection":[{"href":"https:\/\/www.europesays.com\/se\/wp-json\/wp\/v2\/posts"}],"about":[{"href":"https:\/\/www.europesays.com\/se\/wp-json\/wp\/v2\/types\/post"}],"author":[{"embeddable":true,"href":"https:\/\/www.europesays.com\/se\/wp-json\/wp\/v2\/users\/2"}],"replies":[{"embeddable":true,"href":"https:\/\/www.europesays.com\/se\/wp-json\/wp\/v2\/comments?post=71621"}],"version-history":[{"count":0,"href":"https:\/\/www.europesays.com\/se\/wp-json\/wp\/v2\/posts\/71621\/revisions"}],"wp:featuredmedia":[{"embeddable":true,"href":"https:\/\/www.europesays.com\/se\/wp-json\/wp\/v2\/media\/71622"}],"wp:attachment":[{"href":"https:\/\/www.europesays.com\/se\/wp-json\/wp\/v2\/media?parent=71621"}],"wp:term":[{"taxonomy":"category","embeddable":true,"href":"https:\/\/www.europesays.com\/se\/wp-json\/wp\/v2\/categories?post=71621"},{"taxonomy":"post_tag","embeddable":true,"href":"https:\/\/www.europesays.com\/se\/wp-json\/wp\/v2\/tags?post=71621"}],"curies":[{"name":"wp","href":"https:\/\/api.w.org\/{rel}","templated":true}]}}