{"id":71623,"date":"2025-11-03T20:03:47","date_gmt":"2025-11-03T20:03:47","guid":{"rendered":"https:\/\/www.europesays.com\/se\/71623\/"},"modified":"2025-11-03T20:03:47","modified_gmt":"2025-11-03T20:03:47","slug":"fifpros-varldslag-utsett-psg-dominerar-elvan","status":"publish","type":"post","link":"https:\/\/www.europesays.com\/se\/71623\/","title":{"rendered":"Fifpros v\u00e4rldslag utsett &#8211; PSG dominerar elvan"},"content":{"rendered":"<p>F\u00f6r en vecka sedan sl\u00e4ppte spelarfacksorganisationen Fifpro en urvalslista p\u00e5 26 spelare till \u00e5rets v\u00e4rldslag. D\u00e5 stod det klart att de svenska stj\u00e4rnorna Alexander Isak och Viktor Gy\u00f6keres nobbades.<\/p>\n<p>Nu har den slutgiltiga elvan annonserats.\u00a0<\/p>\n<p>Laget, som r\u00f6stas fram av spelare fr\u00e5n hela v\u00e4rlden, inneh\u00e5ller sju nationaliteter fr\u00e5n sex olika klubbar.\u00a0<\/p>\n<p>Champions League-m\u00e4starna Paris Saint-Germain \u00e4r mest framtr\u00e4dande. Fem spelare som spelade f\u00f6r laget den g\u00e5ngna s\u00e4songen inkluderas i dr\u00f6mlaget.\u00a0<\/p>\n<p>Se hela laget nedan.<\/p>\n<p><strong>M\u00e5lvakt:<\/strong> <br \/>&#13;<br \/>\nGianluigi Donnarumma (Paris Saint-Germain\/Manchester City\/Italien)<\/p>\n<p><strong>Backar: <\/strong><br \/>&#13;<br \/>\nAchraf Hakimi (Paris Saint-Germain\/Marocko)<br \/>&#13;<br \/>\nVirgil van Dijk (Liverpool\/Nederl\u00e4nderna)<br \/>&#13;<br \/>\nNuno Mendes (Paris Saint-Germain\/Portugal)<\/p>\n<p><strong>Mittf\u00e4ltare:<\/strong><br \/>&#13;<br \/>\nCole Palmer (Chelsea\/England)<br \/>&#13;<br \/>\nJude Bellingham (Real Madrid\/England)<br \/>&#13;<br \/>\nPedri (Barcelona\/Spanien)<br \/>&#13;<br \/>\nVitinha (Paris Saint-Germain\/Portugal)<\/p>\n<p><strong>Anfallare:<\/strong><br \/>&#13;<br \/>\nLamine Yamal (Barcelona\/Spanien)<br \/>&#13;<br \/>\nKylian Mbapp\u00e9 (Real Madrid\/Frankrike)<br \/>&#13;<br \/>\nOusmane Dembele (Paris Saint-Germain\/Frankrike)<\/p>\n<p>P\u00e5 damsidan dominerar England och Spanien. Samtliga spelare utom tv\u00e5 i v\u00e4rldselvan kommer fr\u00e5n de tv\u00e5 EM-finalnationerna fr\u00e5n i somras.\u00a0<\/p>\n<p><strong>M\u00e5lvakter<\/strong><br \/>&#13;<br \/>\n Hannah Hampton\u00a0(Chelsea, England)<\/p>\n<p><strong>F\u00f6rsvarare<\/strong><br \/>&#13;<br \/>\n Ona Batlle\u00a0(Barcelona, Spanien)<br \/>&#13;<br \/>\n Millie Bright\u00a0(Chelsea, England)<br \/>&#13;<br \/>\n Lucy Bronze\u00a0(Chelsea, England)<br \/>&#13;<br \/>\n Leah Williamson\u00a0(Arsenal, England)<\/p>\n<p><strong>Mittf\u00e4ltare<\/strong><br \/>&#13;<br \/>\n Aitana Bonmat\u00ed\u00a0(Barcelona, Spanien)<br \/>&#13;<br \/>\n&#13;\n    <\/p>\n<p> Ghizlane Chebbak\u00a0(Badalona\/Al Hilal, Marocko)<br \/>\n Alexia Putellas\u00a0(Barcelona, Spanien)<\/p>\n<p><strong>Anfallare<\/strong><br \/>&#13;<br \/>\n Barbra Banda\u00a0(Orlando Pride, Zambia)<br \/>&#13;<br \/>\n Chloe Kelly\u00a0(Manchester City \/ Arsenal, England)<br \/>&#13;<br \/>\n Alessia Russo\u00a0(Arsenal, England)<\/p>\n","protected":false},"excerpt":{"rendered":"F\u00f6r en vecka sedan sl\u00e4ppte spelarfacksorganisationen Fifpro en urvalslista p\u00e5 26 spelare till \u00e5rets v\u00e4rldslag. D\u00e5 stod det&hellip;\n","protected":false},"author":2,"featured_media":71624,"comment_status":"","ping_status":"","sticky":false,"template":"","format":"standard","meta":{"footnotes":""},"categories":[5],"tags":[22,23,26,27,17,21,24,25,28,29,15,16,18,34,31,33,32,30,19,20],"class_list":{"0":"post-71623","1":"post","2":"type-post","3":"status-publish","4":"format-standard","5":"has-post-thumbnail","7":"category-rubriker","8":"tag-breaking-news","9":"tag-breakingnews","10":"tag-featured-news","11":"tag-featurednews","12":"tag-headlines","13":"tag-huvudnyheter","14":"tag-latest-news","15":"tag-latestnews","16":"tag-main-news","17":"tag-mainnews","18":"tag-news","19":"tag-nyheter","20":"tag-rubriker","21":"tag-se","22":"tag-svenska","23":"tag-sverige","24":"tag-sweden","25":"tag-swedish","26":"tag-top-stories","27":"tag-topstories"},"share_on_mastodon":{"url":"https:\/\/pubeurope.com\/@se\/115487563056065843","error":""},"_links":{"self":[{"href":"https:\/\/www.europesays.com\/se\/wp-json\/wp\/v2\/posts\/71623","targetHints":{"allow":["GET"]}}],"collection":[{"href":"https:\/\/www.europesays.com\/se\/wp-json\/wp\/v2\/posts"}],"about":[{"href":"https:\/\/www.europesays.com\/se\/wp-json\/wp\/v2\/types\/post"}],"author":[{"embeddable":true,"href":"https:\/\/www.europesays.com\/se\/wp-json\/wp\/v2\/users\/2"}],"replies":[{"embeddable":true,"href":"https:\/\/www.europesays.com\/se\/wp-json\/wp\/v2\/comments?post=71623"}],"version-history":[{"count":0,"href":"https:\/\/www.europesays.com\/se\/wp-json\/wp\/v2\/posts\/71623\/revisions"}],"wp:featuredmedia":[{"embeddable":true,"href":"https:\/\/www.europesays.com\/se\/wp-json\/wp\/v2\/media\/71624"}],"wp:attachment":[{"href":"https:\/\/www.europesays.com\/se\/wp-json\/wp\/v2\/media?parent=71623"}],"wp:term":[{"taxonomy":"category","embeddable":true,"href":"https:\/\/www.europesays.com\/se\/wp-json\/wp\/v2\/categories?post=71623"},{"taxonomy":"post_tag","embeddable":true,"href":"https:\/\/www.europesays.com\/se\/wp-json\/wp\/v2\/tags?post=71623"}],"curies":[{"name":"wp","href":"https:\/\/api.w.org\/{rel}","templated":true}]}}