{"id":71636,"date":"2025-11-03T20:19:24","date_gmt":"2025-11-03T20:19:24","guid":{"rendered":"https:\/\/www.europesays.com\/se\/71636\/"},"modified":"2025-11-03T20:19:24","modified_gmt":"2025-11-03T20:19:24","slug":"uppgifter-foxtrot-man-bakom-masskjutning-och-mord-i-gavle-gefle-dagblad","status":"publish","type":"post","link":"https:\/\/www.europesays.com\/se\/71636\/","title":{"rendered":"Uppgifter: Foxtrot-man bakom masskjutning och mord i G\u00e4vle &#8211; Gefle Dagblad"},"content":{"rendered":"<ol>\n<li><a href=\"https:\/\/news.google.com\/rss\/articles\/CBMikAFBVV95cUxQcXhZa1ZTWDVVVUx3WEd4bUdVb0dsRGpZTVhxczUycm5VM2RtcXptcEVxTFo0al9SZGF5YzlvYnFhTFN4LWxDbkhGcTRMc3lkdnJEVS1ZNTVoM21lMEwyTUJkNGhsVS1oT2VKcTZMV2NfTGl1d1JtVDE2NlF1N01XVzcyak51a3NwblY3cjYwbUY?oc=5\" target=\"_blank\" rel=\"nofollow noopener\">Uppgifter: Foxtrot-man bakom masskjutning och mord i G\u00e4vle<\/a>&nbsp;&nbsp;Gefle Dagblad<\/li>\n<li><a href=\"https:\/\/news.google.com\/rss\/articles\/CBMisgFBVV95cUxPREQtYU1QRHllbl9seFJSekZ6RDREaVBZUTRxVjBsWmlCaElQOEwzVzJ2VkpvOVVuYkRtRGVrS21wX2N0VGRmTDBmRTNpM3BkQVp4aU5qOTJEeTBGNVRkdXJlTHhWcnF3V2twLW9BOWZ4eVotSWxCXzY5TFJVTkFiOGdydnNxSmh4WVVRWEJ5amtvM0Q3Z0RWMVpjdm9FSUhGVHNYNEpnZlRtWU5rLTBjUzh3?oc=5\" target=\"_blank\" rel=\"nofollow noopener\">Uppgifter: Nyckelperson i Foxtrot misst\u00e4nks f\u00f6r flera uppm\u00e4rksammade mord<\/a>&nbsp;&nbsp;SVT Nyheter<\/li>\n<li><a href=\"https:\/\/news.google.com\/rss\/articles\/CBMif0FVX3lxTE02bVg5YzRQeV9GRDdjajdXZ193dHg5NFl3VDdBbV9Mc3hQRC1xcXFFT04yM0hIU1o1MFJoekR3OTh1RzZBbTMwSHBnRzZ5TUloRDluSmpWeEFyR19aOFNIbTROZlRsTDFfaUU2amRid3hjeDh4TkVSelJRX05HTms?oc=5\" target=\"_blank\" rel=\"nofollow noopener\">Uppgifter: Nyckelperson i Foxtrot h\u00e4ktad i utevaro<\/a>&nbsp;&nbsp;Omni<\/li>\n<li><a href=\"https:\/\/news.google.com\/rss\/articles\/CBMiekFVX3lxTFB5UTkzZXhld0xzSmMxLVFDeDBBYktRU1JqUGVaWFFueWcxRWs1LTk5Qk1nZy1XekxMaHlmWVptbTBNcjlSME9FVi1oM2dWVDZhREJERVZDdEx2YllvVURnTUVXVkNVemgxQnByU0tXZU1kWWJNMGw5bU9R?oc=5\" target=\"_blank\" rel=\"nofollow noopener\">Man h\u00e4ktas f\u00f6r flera grova v\u00e5ldsbrott<\/a>&nbsp;&nbsp;Aftonbladet<\/li>\n<li><a href=\"https:\/\/news.google.com\/rss\/articles\/CBMiiAFBVV95cUxOR0pxR0JibHFPVGhzS1BheTcwRjI0SmVDMWVqb3djTWgxcVh1QWVmSGNzRDVsZXNiN1Q5b0dZTFpvRVpiU1ZlNU1PSU52X3Z5WU82Nnk5T1FYU1lPZ1IzLWJYMzNQUFFHTUEwQXFQdEVLWmJQTVlLc0JyVU9iUUJMVDlsU1RpU3FI?oc=5\" target=\"_blank\" rel=\"nofollow noopener\">Tros ha rekryterat d\u00f6dsskyttar \u2013 kan kopplas till mord p\u00e5 Esl\u00f6vsbo<\/a>&nbsp;&nbsp;Sk\u00e5nska Dagbladet<\/li>\n<\/ol>\n","protected":false},"excerpt":{"rendered":"Uppgifter: Foxtrot-man bakom masskjutning och mord i G\u00e4vle&nbsp;&nbsp;Gefle Dagblad Uppgifter: Nyckelperson i Foxtrot misst\u00e4nks f\u00f6r flera uppm\u00e4rksammade mord&nbsp;&nbsp;SVT&hellip;\n","protected":false},"author":2,"featured_media":71637,"comment_status":"","ping_status":"","sticky":false,"template":"","format":"standard","meta":{"footnotes":""},"categories":[12],"tags":[22,23,26,27,17,21,24,25,28,29,15,16,18,34,31,33,32,30,19,20],"class_list":{"0":"post-71636","1":"post","2":"type-post","3":"status-publish","4":"format-standard","5":"has-post-thumbnail","7":"category-sverige","8":"tag-breaking-news","9":"tag-breakingnews","10":"tag-featured-news","11":"tag-featurednews","12":"tag-headlines","13":"tag-huvudnyheter","14":"tag-latest-news","15":"tag-latestnews","16":"tag-main-news","17":"tag-mainnews","18":"tag-news","19":"tag-nyheter","20":"tag-rubriker","21":"tag-se","22":"tag-svenska","23":"tag-sverige","24":"tag-sweden","25":"tag-swedish","26":"tag-top-stories","27":"tag-topstories"},"share_on_mastodon":{"url":"https:\/\/pubeurope.com\/@se\/115487622032522947","error":""},"_links":{"self":[{"href":"https:\/\/www.europesays.com\/se\/wp-json\/wp\/v2\/posts\/71636","targetHints":{"allow":["GET"]}}],"collection":[{"href":"https:\/\/www.europesays.com\/se\/wp-json\/wp\/v2\/posts"}],"about":[{"href":"https:\/\/www.europesays.com\/se\/wp-json\/wp\/v2\/types\/post"}],"author":[{"embeddable":true,"href":"https:\/\/www.europesays.com\/se\/wp-json\/wp\/v2\/users\/2"}],"replies":[{"embeddable":true,"href":"https:\/\/www.europesays.com\/se\/wp-json\/wp\/v2\/comments?post=71636"}],"version-history":[{"count":0,"href":"https:\/\/www.europesays.com\/se\/wp-json\/wp\/v2\/posts\/71636\/revisions"}],"wp:featuredmedia":[{"embeddable":true,"href":"https:\/\/www.europesays.com\/se\/wp-json\/wp\/v2\/media\/71637"}],"wp:attachment":[{"href":"https:\/\/www.europesays.com\/se\/wp-json\/wp\/v2\/media?parent=71636"}],"wp:term":[{"taxonomy":"category","embeddable":true,"href":"https:\/\/www.europesays.com\/se\/wp-json\/wp\/v2\/categories?post=71636"},{"taxonomy":"post_tag","embeddable":true,"href":"https:\/\/www.europesays.com\/se\/wp-json\/wp\/v2\/tags?post=71636"}],"curies":[{"name":"wp","href":"https:\/\/api.w.org\/{rel}","templated":true}]}}