{"id":71711,"date":"2025-11-03T22:07:13","date_gmt":"2025-11-03T22:07:13","guid":{"rendered":"https:\/\/www.europesays.com\/se\/71711\/"},"modified":"2025-11-03T22:07:13","modified_gmt":"2025-11-03T22:07:13","slug":"mjallby-och-gais-jagar-hugo-borstam-22","status":"publish","type":"post","link":"https:\/\/www.europesays.com\/se\/71711\/","title":{"rendered":"Mj\u00e4llby och Gais jagar Hugo Borstam, 22"},"content":{"rendered":"<p><strong>Mj\u00e4llby och Gais \u00e4r p\u00e5 jakt efter Hugo Borstam, 22.<br \/>Enligt <a href=\"https:\/\/www.blt.se\/sport\/avslojar-hugo-borstam-testar-den-heta-allsvenska-klubben-fore-mjallby-aif\/\" rel=\"nofollow noopener\" target=\"_blank\">Blekinge L\u00e4ns Tidning<\/a> ska den offensiva mittf\u00e4ltaren provtr\u00e4na med b\u00e5da klubbarna.<\/strong><\/p>\n<p><img loading=\"lazy\" decoding=\"async\" width=\"1024\" height=\"576\" src=\"https:\/\/www.europesays.com\/se\/wp-content\/uploads\/2025\/11\/Hugo-Borstam-1024x576.jpg\" alt=\"250301 En ordentlig tr\u00f6jdragning n\u00e4r S\u00f6lvesborgs lagkapten Hugo Borstam f\u00f6rs\u00f6ker stoppa IFK H\u00e4ssleholms Gustaf Winroth i tr\u00e4ningsmatchen mellan IFK H\u00e4ssleholm och S\u00f6lvesborg i S\u00f6sdala 1 mars 2025.\" class=\"wp-image-336708\"  \/>Foto: Bildbyr\u00e5n<\/p>\n<p>Det kan bli dragkamp mellan den allsvenska seriesegraren och tabelltrean. Enligt lokaltidningen <strong>Blekinge L\u00e4ns Tidning<\/strong>\u00a0ska b\u00e5de Mj\u00e4llby AIF och Gais vara intresserade av S\u00f6lvesborgs Gif:s 22-\u00e5riga offensiva mittf\u00e4ltare <strong>Hugo Borstam<\/strong>.<\/p>\n<p>Spelaren ska provtr\u00e4na med Gais denna vecka, f\u00f6r att sedan bege sig p\u00e5 en tv\u00e5 veckor l\u00e5ng provtr\u00e4ning med Maif, enligt tidningen.<\/p>\n<p>Borstam har st\u00e5tt f\u00f6r 18 m\u00e5l p\u00e5 25 matcher f\u00f6r\u00a0S\u00f6lvesborgs Gif\u00a0i division 2 denna s\u00e4song. Han har tidigare varit p\u00e5 provspel med Brommapojkarna.<\/p>\n","protected":false},"excerpt":{"rendered":"Mj\u00e4llby och Gais \u00e4r p\u00e5 jakt efter Hugo Borstam, 22.Enligt Blekinge L\u00e4ns Tidning ska den offensiva mittf\u00e4ltaren provtr\u00e4na&hellip;\n","protected":false},"author":2,"featured_media":71712,"comment_status":"","ping_status":"","sticky":false,"template":"","format":"standard","meta":{"footnotes":""},"categories":[68],"tags":[353,34,111,110,31,33,32,30],"class_list":{"0":"post-71711","1":"post","2":"type-post","3":"status-publish","4":"format-standard","5":"has-post-thumbnail","7":"category-sport","8":"tag-forsta-trean","9":"tag-se","10":"tag-sport","11":"tag-sports","12":"tag-svenska","13":"tag-sverige","14":"tag-sweden","15":"tag-swedish"},"share_on_mastodon":{"url":"https:\/\/pubeurope.com\/@se\/115488046834237600","error":""},"_links":{"self":[{"href":"https:\/\/www.europesays.com\/se\/wp-json\/wp\/v2\/posts\/71711","targetHints":{"allow":["GET"]}}],"collection":[{"href":"https:\/\/www.europesays.com\/se\/wp-json\/wp\/v2\/posts"}],"about":[{"href":"https:\/\/www.europesays.com\/se\/wp-json\/wp\/v2\/types\/post"}],"author":[{"embeddable":true,"href":"https:\/\/www.europesays.com\/se\/wp-json\/wp\/v2\/users\/2"}],"replies":[{"embeddable":true,"href":"https:\/\/www.europesays.com\/se\/wp-json\/wp\/v2\/comments?post=71711"}],"version-history":[{"count":0,"href":"https:\/\/www.europesays.com\/se\/wp-json\/wp\/v2\/posts\/71711\/revisions"}],"wp:featuredmedia":[{"embeddable":true,"href":"https:\/\/www.europesays.com\/se\/wp-json\/wp\/v2\/media\/71712"}],"wp:attachment":[{"href":"https:\/\/www.europesays.com\/se\/wp-json\/wp\/v2\/media?parent=71711"}],"wp:term":[{"taxonomy":"category","embeddable":true,"href":"https:\/\/www.europesays.com\/se\/wp-json\/wp\/v2\/categories?post=71711"},{"taxonomy":"post_tag","embeddable":true,"href":"https:\/\/www.europesays.com\/se\/wp-json\/wp\/v2\/tags?post=71711"}],"curies":[{"name":"wp","href":"https:\/\/api.w.org\/{rel}","templated":true}]}}