{"id":71761,"date":"2025-11-03T23:31:40","date_gmt":"2025-11-03T23:31:40","guid":{"rendered":"https:\/\/www.europesays.com\/se\/71761\/"},"modified":"2025-11-03T23:31:40","modified_gmt":"2025-11-03T23:31:40","slug":"boozt-slapper-preliminara-siffror-justerar-prognos","status":"publish","type":"post","link":"https:\/\/www.europesays.com\/se\/71761\/","title":{"rendered":"Boozt sl\u00e4pper prelimin\u00e4ra siffror \u2013 justerar prognos"},"content":{"rendered":"<p class=\"font-sans text-base text-text-main dark:text-text-main-dark font-normal leading-[1.4]\"><strong>Boozt <\/strong>justerar sin prognos f\u00f6r hel\u00e5ret 2025. Tillv\u00e4xtprognosen smalnas av till 0-3 procent och prognosen f\u00f6r den justerade r\u00f6relsemarginalen h\u00f6js till 5,0-6,0 procent.<\/p>\n<p class=\"font-sans text-base text-text-main dark:text-text-main-dark font-normal leading-[1.4]\">Det framg\u00e5r av ett pressmeddelande.<\/p>\n<p class=\"font-sans text-base text-text-main dark:text-text-main-dark font-normal leading-[1.4]\">Tidigare sp\u00e5ddes en oms\u00e4ttningstillv\u00e4xt i spannet 0-6 procent och en justerad r\u00f6relsemarginal i intervallet 4,5-5,5 procent. <\/p>\n<p class=\"font-sans text-base text-text-main dark:text-text-main-dark font-normal leading-[1.4]\">Under det tredje kvartalet uppgick nettooms\u00e4ttningen till 1.673 miljoner kronor (1.651) och det justerade r\u00f6relseresultatet till 67 miljoner kronor (54), motsvarande en r\u00f6relsemarginal om 4,0 procent (3,3).<\/p>\n<p class=\"font-sans text-base text-text-main dark:text-text-main-dark font-normal leading-[1.4]\">&#8221;Vi \u00e4r inte n\u00f6jda med den nuvarande tillv\u00e4xtutvecklingen, men det \u00e4r uppmuntrande att vi ser en gradvis f\u00f6rb\u00e4ttring n\u00e4r vi g\u00e5r in i \u00e5rets viktigaste handelsperiod. V\u00e5rt disciplinerade fokus p\u00e5 driftseffektivitet driver b\u00e5de kassafl\u00f6de och l\u00f6nsamhet, och vi kan h\u00f6ja v\u00e5r marginalprognos. Med en stabil grund p\u00e5 plats fokuserar vi helt p\u00e5 att omvandla denna styrka till starka resultat under den avg\u00f6rande Black Friday-perioden och julhandeln&#8221;, kommenterar vd <strong>Hermann Haraldsson<\/strong>. <\/p>\n<p class=\"font-sans text-base text-text-main dark:text-text-main-dark font-normal leading-[1.4]\">Boozt sl\u00e4pper sin rapport f\u00f6r det tredje kvartalet i morgon tisdag. <\/p>\n","protected":false},"excerpt":{"rendered":"Boozt justerar sin prognos f\u00f6r hel\u00e5ret 2025. Tillv\u00e4xtprognosen smalnas av till 0-3 procent och prognosen f\u00f6r den justerade&hellip;\n","protected":false},"author":2,"featured_media":71762,"comment_status":"","ping_status":"","sticky":false,"template":"","format":"standard","meta":{"footnotes":""},"categories":[65],"tags":[6465,72,70,71,34,31,33,32,30],"class_list":{"0":"post-71761","1":"post","2":"type-post","3":"status-publish","4":"format-standard","5":"has-post-thumbnail","7":"category-ekonomi","8":"tag-boozt","9":"tag-business","10":"tag-economy","11":"tag-ekonomi","12":"tag-se","13":"tag-svenska","14":"tag-sverige","15":"tag-sweden","16":"tag-swedish"},"share_on_mastodon":{"url":"https:\/\/pubeurope.com\/@se\/115488376974723267","error":""},"_links":{"self":[{"href":"https:\/\/www.europesays.com\/se\/wp-json\/wp\/v2\/posts\/71761","targetHints":{"allow":["GET"]}}],"collection":[{"href":"https:\/\/www.europesays.com\/se\/wp-json\/wp\/v2\/posts"}],"about":[{"href":"https:\/\/www.europesays.com\/se\/wp-json\/wp\/v2\/types\/post"}],"author":[{"embeddable":true,"href":"https:\/\/www.europesays.com\/se\/wp-json\/wp\/v2\/users\/2"}],"replies":[{"embeddable":true,"href":"https:\/\/www.europesays.com\/se\/wp-json\/wp\/v2\/comments?post=71761"}],"version-history":[{"count":0,"href":"https:\/\/www.europesays.com\/se\/wp-json\/wp\/v2\/posts\/71761\/revisions"}],"wp:featuredmedia":[{"embeddable":true,"href":"https:\/\/www.europesays.com\/se\/wp-json\/wp\/v2\/media\/71762"}],"wp:attachment":[{"href":"https:\/\/www.europesays.com\/se\/wp-json\/wp\/v2\/media?parent=71761"}],"wp:term":[{"taxonomy":"category","embeddable":true,"href":"https:\/\/www.europesays.com\/se\/wp-json\/wp\/v2\/categories?post=71761"},{"taxonomy":"post_tag","embeddable":true,"href":"https:\/\/www.europesays.com\/se\/wp-json\/wp\/v2\/tags?post=71761"}],"curies":[{"name":"wp","href":"https:\/\/api.w.org\/{rel}","templated":true}]}}