{"id":71764,"date":"2025-11-03T23:36:18","date_gmt":"2025-11-03T23:36:18","guid":{"rendered":"https:\/\/www.europesays.com\/se\/71764\/"},"modified":"2025-11-03T23:36:18","modified_gmt":"2025-11-03T23:36:18","slug":"daniel-sundgren-vittnar-om-riggade-matcher-skamdes-som-en-hund-fotboll","status":"publish","type":"post","link":"https:\/\/www.europesays.com\/se\/71764\/","title":{"rendered":"Daniel Sundgren vittnar om riggade matcher: \u201dSk\u00e4mdes som en hund\u201d | Fotboll"},"content":{"rendered":"<p>Publicerad 3 nov 2025 kl 09.22Uppdaterad kl 22.50<\/p>\n<p>Daniel Sundgren upplevde riggade fotbollsmatcher under sin tid i grekiska Volos. Det ber\u00e4ttar han i podcasten <a href=\"https:\/\/www.fotbollskanalen.se\/lundhs-podcast\/sundgren-upplevde-riggade-matcher-i-grekland-skamdes-som-en-hund\/\" rel=\"nofollow noopener\" target=\"_blank\">Lundh<\/a>.<\/p>\n<p><img   alt=\"\"\/> <\/p>\n<p>Foto: Henrik Montgomery \/ TT NYHETSBYR\u00c5N<\/p>\n<p>\u00d6ppna bild i helsk\u00e4rm<\/p>\n<p>Den f\u00f6rre landslagsbacken, nu i Degerfors, s\u00e4ger att direktiven kom fr\u00e5n ledande personer i klubben.<\/p>\n<p>Som exempel n\u00e4mner Sundgren m\u00f6tena mellan Volos och Panserraikos i v\u00e5rens nedflyttningsserie. Lagen vann var sitt m\u00f6te med 3\u20130 \u2013 och lyckades b\u00e5da klara sig kvar i h\u00f6gstaligan.<\/p>\n<p>\u2013 I omkl\u00e4dningsrummet innan match fick man h\u00f6ra att \u201di dag ska du inte ska ta bollen\u201d och \u201di dag kommer han och han att bli nedrivna i straffomr\u00e5det, s\u00e5 vi kommer att f\u00e5 straff med oss\u201d, <a href=\"https:\/\/www.fotbollskanalen.se\/lundhs-podcast\/sundgren-upplevde-riggade-matcher-i-grekland-skamdes-som-en-hund\/\" rel=\"nofollow noopener\" target=\"_blank\">ber\u00e4ttar Sundgren i podcasten Lundh<\/a>.<\/p>\n<p>\u201dFick \u00e5ka till sjukhus\u201d<\/p>\n<p>34-\u00e5ringen, som po\u00e4ngterar att han sj\u00e4lv inte var inblandad i fixandet av resultat, s\u00e4ger att han pratade om det med andra spelare i laget.<\/p>\n<p>\u2013 Sedan kunde man inte \u00f6ppna munnen mot de som best\u00e4mde, det \u00e4r de som ger en l\u00f6n liksom. Men det \u00e4r klart att man gick ut och sk\u00e4mdes som en hund.<\/p>\n<p>Efter f\u00f6rra s\u00e4songen l\u00e4mnade <a href=\"https:\/\/www.expressen.se\/tagg\/person\/daniel-sundgren\/\" class=\"\" rel=\"nofollow noopener\" target=\"_blank\">Daniel Sundgren<\/a> Volos f\u00f6r att i juli \u00e5terv\u00e4nda till Degerfors.<\/p>\n<p>\u2013 N\u00e4r jag v\u00e4l v\u00e4nde hem till Degerfors och landade i Sverige fick jag \u00e5ka till sjukhus f\u00f6rsta dagen. Jag hade en s\u00e5dan klump i magen och jag fick \u00e5ngestattack p\u00e5 riktigt.<\/p>\n","protected":false},"excerpt":{"rendered":"Publicerad 3 nov 2025 kl 09.22Uppdaterad kl 22.50 Daniel Sundgren upplevde riggade fotbollsmatcher under sin tid i grekiska&hellip;\n","protected":false},"author":2,"featured_media":71765,"comment_status":"","ping_status":"","sticky":false,"template":"","format":"standard","meta":{"footnotes":""},"categories":[68],"tags":[6466,34,129,111,110,31,33,32,30],"class_list":{"0":"post-71764","1":"post","2":"type-post","3":"status-publish","4":"format-standard","5":"has-post-thumbnail","7":"category-sport","8":"tag-person-daniel-sundgren","9":"tag-se","10":"tag-sections-fotboll","11":"tag-sport","12":"tag-sports","13":"tag-svenska","14":"tag-sverige","15":"tag-sweden","16":"tag-swedish"},"share_on_mastodon":{"url":"https:\/\/pubeurope.com\/@se\/115488396600090594","error":""},"_links":{"self":[{"href":"https:\/\/www.europesays.com\/se\/wp-json\/wp\/v2\/posts\/71764","targetHints":{"allow":["GET"]}}],"collection":[{"href":"https:\/\/www.europesays.com\/se\/wp-json\/wp\/v2\/posts"}],"about":[{"href":"https:\/\/www.europesays.com\/se\/wp-json\/wp\/v2\/types\/post"}],"author":[{"embeddable":true,"href":"https:\/\/www.europesays.com\/se\/wp-json\/wp\/v2\/users\/2"}],"replies":[{"embeddable":true,"href":"https:\/\/www.europesays.com\/se\/wp-json\/wp\/v2\/comments?post=71764"}],"version-history":[{"count":0,"href":"https:\/\/www.europesays.com\/se\/wp-json\/wp\/v2\/posts\/71764\/revisions"}],"wp:featuredmedia":[{"embeddable":true,"href":"https:\/\/www.europesays.com\/se\/wp-json\/wp\/v2\/media\/71765"}],"wp:attachment":[{"href":"https:\/\/www.europesays.com\/se\/wp-json\/wp\/v2\/media?parent=71764"}],"wp:term":[{"taxonomy":"category","embeddable":true,"href":"https:\/\/www.europesays.com\/se\/wp-json\/wp\/v2\/categories?post=71764"},{"taxonomy":"post_tag","embeddable":true,"href":"https:\/\/www.europesays.com\/se\/wp-json\/wp\/v2\/tags?post=71764"}],"curies":[{"name":"wp","href":"https:\/\/api.w.org\/{rel}","templated":true}]}}