{"id":71768,"date":"2025-11-03T23:50:20","date_gmt":"2025-11-03T23:50:20","guid":{"rendered":"https:\/\/www.europesays.com\/se\/71768\/"},"modified":"2025-11-03T23:50:20","modified_gmt":"2025-11-03T23:50:20","slug":"bottenrekord-for-trump-fortroendet-rasar-pa-hemmaplan","status":"publish","type":"post","link":"https:\/\/www.europesays.com\/se\/71768\/","title":{"rendered":"Bottenrekord f\u00f6r Trump \u2013 f\u00f6rtroendet rasar p\u00e5 hemmaplan"},"content":{"rendered":"<p>Demokraterna kan hysa vissa f\u00f6rhoppningar inf\u00f6r mellan\u00e5rsvalet med f\u00f6rskjutningar av makten som resultat. <a href=\"https:\/\/edition.cnn.com\/2025\/11\/03\/politics\/cnn-poll-democrats-trump-midterms\" rel=\"nofollow noopener\" target=\"_blank\">Det visar CNN:s senaste valbarometer<\/a> som genomf\u00f6rts av SSRS. <\/p>\n<p>Orsaken \u00e4r framf\u00f6r allt att Trump verkar tappa st\u00f6d f\u00f6r andra m\u00e4tningen i rad. P\u00e5 fr\u00e5gan om man st\u00f6ttar eller inte st\u00f6ttar <strong>Donald Trumps<\/strong> ledarskap svarar 63 procent att man \u00e4r negativa till Trump. Bara 37 procent tycker att han g\u00f6r ett bra jobb.<\/p>\n<p>Mycket l\u00e5gt st\u00f6d f\u00f6r Trump<\/p>\n<p>Enligt CNN \u00e4r det h\u00e4r mycket d\u00e5liga resultat. \u201cDet ligger s\u00e4mre till \u00e4n vad han hade innan han l\u00e4mnade Vita huset i januari 2021\u201d, skriver CNN. D\u00e5 tyckte tyckte 62 procent att han gjorde ett d\u00e5ligt d\u00e5ligt jobb.<\/p>\n<p>Unders\u00f6kningen visar ocks\u00e5 att 47 procent av de registrerade v\u00e4ljarna skulle r\u00f6sta p\u00e5 en demokrat i dag och 42 procent skulle st\u00f6dja en republikan. 42 procent s\u00e4ger ocks\u00e5 att de helt utesluter att r\u00f6sta p\u00e5 en republikan. Motsvarande siffra f\u00f6r demokraterna \u00e4r 35 procent.<\/p>\n<p>En annan fakta som kommit fram i opinionsunders\u00f6kningen som CNN redovisar \u00e4r att hela 42 procent s\u00e4ger att deras r\u00f6st \u00e4r ett s\u00e4tt att visa missn\u00f6je med Donald Trump. Bara 21 procent s\u00e4ger att en r\u00f6st p\u00e5 republikanerna \u00e4r st\u00f6d f\u00f6r presidenten. <\/p>\n<p>Unders\u00f6kningen visar ocks\u00e5 att v\u00e4ljare som lutar mer \u00e5t demokrat-h\u00e5llet tycker att det \u00e4r viktigt att g\u00e5 och r\u00f6sta. P\u00e5 fr\u00e5gan s\u00e4ger 67 procent av demokrat-v\u00e4ljarna att det \u00e4r mycket viktigt att r\u00f6sta. Bland republikanska v\u00e4ljare svarar 46 procent att valet n\u00e4sta \u00e5r \u00e4r mycket viktigt.<\/p>\n<p>Liknande resultat<\/p>\n<p>Ungef\u00e4r liknande resultat visar en opinionsunders\u00f6kning <a href=\"https:\/\/www.washingtonpost.com\/politics\/2025\/11\/02\/trump-democrats-poll-post-abc-ipsos\/\" rel=\"nofollow noopener\" target=\"_blank\">fr\u00e5n Washington Post\/Ipsos<\/a>. D\u00e4r tycker 41 procent tycker att Trump g\u00f6r presidentjobbet bra, medan 59 procent \u00e4r missn\u00f6jda. <\/p>\n<p>Samtidigt verkar polariseringen vara j\u00e4ttestor. Bland registrerade republikaner \u00e4r st\u00f6det 86 procent. Hos registrerade demokrater \u00e4r 95 procent missn\u00f6jda.<\/p>\n","protected":false},"excerpt":{"rendered":"Demokraterna kan hysa vissa f\u00f6rhoppningar inf\u00f6r mellan\u00e5rsvalet med f\u00f6rskjutningar av makten som resultat. Det visar CNN:s senaste valbarometer&hellip;\n","protected":false},"author":2,"featured_media":71769,"comment_status":"","ping_status":"","sticky":false,"template":"","format":"standard","meta":{"footnotes":""},"categories":[5],"tags":[22,23,385,26,27,17,21,24,25,28,29,15,16,18,34,31,33,32,30,19,20,74,1636],"class_list":{"0":"post-71768","1":"post","2":"type-post","3":"status-publish","4":"format-standard","5":"has-post-thumbnail","7":"category-rubriker","8":"tag-breaking-news","9":"tag-breakingnews","10":"tag-donald-trump","11":"tag-featured-news","12":"tag-featurednews","13":"tag-headlines","14":"tag-huvudnyheter","15":"tag-latest-news","16":"tag-latestnews","17":"tag-main-news","18":"tag-mainnews","19":"tag-news","20":"tag-nyheter","21":"tag-rubriker","22":"tag-se","23":"tag-svenska","24":"tag-sverige","25":"tag-sweden","26":"tag-swedish","27":"tag-top-stories","28":"tag-topstories","29":"tag-usa","30":"tag-val"},"share_on_mastodon":{"url":"https:\/\/pubeurope.com\/@se\/115488451676426947","error":""},"_links":{"self":[{"href":"https:\/\/www.europesays.com\/se\/wp-json\/wp\/v2\/posts\/71768","targetHints":{"allow":["GET"]}}],"collection":[{"href":"https:\/\/www.europesays.com\/se\/wp-json\/wp\/v2\/posts"}],"about":[{"href":"https:\/\/www.europesays.com\/se\/wp-json\/wp\/v2\/types\/post"}],"author":[{"embeddable":true,"href":"https:\/\/www.europesays.com\/se\/wp-json\/wp\/v2\/users\/2"}],"replies":[{"embeddable":true,"href":"https:\/\/www.europesays.com\/se\/wp-json\/wp\/v2\/comments?post=71768"}],"version-history":[{"count":0,"href":"https:\/\/www.europesays.com\/se\/wp-json\/wp\/v2\/posts\/71768\/revisions"}],"wp:featuredmedia":[{"embeddable":true,"href":"https:\/\/www.europesays.com\/se\/wp-json\/wp\/v2\/media\/71769"}],"wp:attachment":[{"href":"https:\/\/www.europesays.com\/se\/wp-json\/wp\/v2\/media?parent=71768"}],"wp:term":[{"taxonomy":"category","embeddable":true,"href":"https:\/\/www.europesays.com\/se\/wp-json\/wp\/v2\/categories?post=71768"},{"taxonomy":"post_tag","embeddable":true,"href":"https:\/\/www.europesays.com\/se\/wp-json\/wp\/v2\/tags?post=71768"}],"curies":[{"name":"wp","href":"https:\/\/api.w.org\/{rel}","templated":true}]}}