{"id":71796,"date":"2025-11-04T01:45:15","date_gmt":"2025-11-04T01:45:15","guid":{"rendered":"https:\/\/www.europesays.com\/se\/71796\/"},"modified":"2025-11-04T01:45:15","modified_gmt":"2025-11-04T01:45:15","slug":"jehovas-vittnen-forlorar-bidrag-diskriminerar","status":"publish","type":"post","link":"https:\/\/www.europesays.com\/se\/71796\/","title":{"rendered":"Jehovas vittnen f\u00f6rlorar bidrag \u2013 diskriminerar"},"content":{"rendered":"<p>Jehovas vittnen f\u00f6rlorar sitt statsbidrag eftersom de utesluter homosexuella. Det sl\u00e5r Myndigheten f\u00f6r st\u00f6d till trossamfund (SST), vilket Kvartal var f\u00f6rst att rapportera.<\/p>\n<p>\u2013 Vi har gjort bed\u00f6mningen att de inte lever upp till de nya demokrativillkoren, s\u00e4ger SST-chefen Isak Reichel till Ekot.<\/p>\n<p>Jehovas vittnen har varit ber\u00e4ttigade till statsbidrag sedan 2019, men vid \u00e5rsskiftet sk\u00e4rptes lagstiftningen och trossamfunden m\u00e5ste nu uppfylla ett antal demokrativillkor.<\/p>\n<p>F\u00f6re 2019 tvistade samfundet och regeringen i tolv \u00e5r om bidraget. Regeringen nekade det med motivering att Jehovas vittnen uppmanar medlemmar att inte r\u00f6sta eller ge barn blodtransfusioner.<\/p>\n<p>2022 d\u00f6mde H\u00f6gsta f\u00f6rvaltningsdomstolen regeringen att betala miljonskadest\u00e5nd till samfundet.<\/p>\n<p>Omni \u00e4r politiskt obundna och oberoende. Vi str\u00e4var efter att ge fler perspektiv p\u00e5 nyheterna. Har du fr\u00e5gor eller synpunkter kring v\u00e5r rapportering? <a href=\"https:\/\/omni.se\/jehovas-vittnen-forlorar-bidrag-diskriminerar\/a\/mailto:redaktion@omni.se\" class=\"ArticleActions_contactLink__W2F1M\" rel=\"nofollow noopener\" target=\"_blank\">Kontakta redaktionen<\/a><\/p>\n","protected":false},"excerpt":{"rendered":"Jehovas vittnen f\u00f6rlorar sitt statsbidrag eftersom de utesluter homosexuella. Det sl\u00e5r Myndigheten f\u00f6r st\u00f6d till trossamfund (SST), vilket&hellip;\n","protected":false},"author":2,"featured_media":71797,"comment_status":"","ping_status":"","sticky":false,"template":"","format":"standard","meta":{"footnotes":""},"categories":[14],"tags":[22,23,26,27,17,6469,21,6467,120,24,25,28,29,6468,15,16,369,2335,18,34,31,33,32,30,19,20,51,52,53,54],"class_list":{"0":"post-71796","1":"post","2":"type-post","3":"status-publish","4":"format-standard","5":"has-post-thumbnail","7":"category-varlden","8":"tag-breaking-news","9":"tag-breakingnews","10":"tag-featured-news","11":"tag-featurednews","12":"tag-headlines","13":"tag-hogsta-forvaltningsdomstolen","14":"tag-huvudnyheter","15":"tag-jehovas-vittnen","16":"tag-lag-ratt","17":"tag-latest-news","18":"tag-latestnews","19":"tag-main-news","20":"tag-mainnews","21":"tag-myndigheten-for-stod-till-trossamfund","22":"tag-news","23":"tag-nyheter","24":"tag-politik","25":"tag-religion","26":"tag-rubriker","27":"tag-se","28":"tag-svenska","29":"tag-sverige","30":"tag-sweden","31":"tag-swedish","32":"tag-top-stories","33":"tag-topstories","34":"tag-varlden","35":"tag-world","36":"tag-world-news","37":"tag-worldnews"},"share_on_mastodon":{"url":"https:\/\/pubeurope.com\/@se\/115488903863095085","error":""},"_links":{"self":[{"href":"https:\/\/www.europesays.com\/se\/wp-json\/wp\/v2\/posts\/71796","targetHints":{"allow":["GET"]}}],"collection":[{"href":"https:\/\/www.europesays.com\/se\/wp-json\/wp\/v2\/posts"}],"about":[{"href":"https:\/\/www.europesays.com\/se\/wp-json\/wp\/v2\/types\/post"}],"author":[{"embeddable":true,"href":"https:\/\/www.europesays.com\/se\/wp-json\/wp\/v2\/users\/2"}],"replies":[{"embeddable":true,"href":"https:\/\/www.europesays.com\/se\/wp-json\/wp\/v2\/comments?post=71796"}],"version-history":[{"count":0,"href":"https:\/\/www.europesays.com\/se\/wp-json\/wp\/v2\/posts\/71796\/revisions"}],"wp:featuredmedia":[{"embeddable":true,"href":"https:\/\/www.europesays.com\/se\/wp-json\/wp\/v2\/media\/71797"}],"wp:attachment":[{"href":"https:\/\/www.europesays.com\/se\/wp-json\/wp\/v2\/media?parent=71796"}],"wp:term":[{"taxonomy":"category","embeddable":true,"href":"https:\/\/www.europesays.com\/se\/wp-json\/wp\/v2\/categories?post=71796"},{"taxonomy":"post_tag","embeddable":true,"href":"https:\/\/www.europesays.com\/se\/wp-json\/wp\/v2\/tags?post=71796"}],"curies":[{"name":"wp","href":"https:\/\/api.w.org\/{rel}","templated":true}]}}