{"id":71959,"date":"2025-11-04T07:19:10","date_gmt":"2025-11-04T07:19:10","guid":{"rendered":"https:\/\/www.europesays.com\/se\/71959\/"},"modified":"2025-11-04T07:19:10","modified_gmt":"2025-11-04T07:19:10","slug":"tagstrul-mellan-uppsala-och-stockholm","status":"publish","type":"post","link":"https:\/\/www.europesays.com\/se\/71959\/","title":{"rendered":"T\u00e5gstrul mellan Uppsala och Stockholm"},"content":{"rendered":"<p class=\"sc-c25743f0-0 sc-e37c0145-2 hObFds DQgPn\">Det \u00e4r stora st\u00f6rningar i t\u00e5gtrafiken mellan Stockholm och Uppsala till p\u00e5 grund av ett signalfel och ett tidigare v\u00e4xelfel, meddelar Trafikverket. Det p\u00e5verkar Arlanda Express, pendelt\u00e5gen och fj\u00e4rrt\u00e5gen. <\/p>\n<p class=\"sc-c25743f0-0 sc-e37c0145-2 hObFds DQgPn\">Tidigare under m\u00e5ndagsmorgonen var det stopp, men strax innan 06 b\u00f6rjade trafiken rulla igen, skriver SJ p\u00e5 sin hemsida. Det \u00e4r dock omfattande f\u00f6ljdf\u00f6rseningar p\u00e5 str\u00e4ckan. <\/p>\n<p class=\"sc-c25743f0-0 sc-e37c0145-2 hObFds DQgPn\">SL uppger att det \u00e4r stora st\u00f6rningar i pendelt\u00e5gstrafiken med f\u00f6rseningar och inst\u00e4llda t\u00e5g. <\/p>\n<p class=\"sc-c25743f0-0 sc-e37c0145-2 hObFds DQgPn\">\u00c4ven Arlanda Express flaggar f\u00f6r l\u00e4ngre restider. <\/p>\n","protected":false},"excerpt":{"rendered":"Det \u00e4r stora st\u00f6rningar i t\u00e5gtrafiken mellan Stockholm och Uppsala till p\u00e5 grund av ett signalfel och ett&hellip;\n","protected":false},"author":2,"featured_media":1029,"comment_status":"","ping_status":"","sticky":false,"template":"","format":"standard","meta":{"footnotes":""},"categories":[5],"tags":[22,23,26,27,17,21,24,25,28,29,15,16,18,34,31,33,32,30,19,20],"class_list":{"0":"post-71959","1":"post","2":"type-post","3":"status-publish","4":"format-standard","5":"has-post-thumbnail","7":"category-rubriker","8":"tag-breaking-news","9":"tag-breakingnews","10":"tag-featured-news","11":"tag-featurednews","12":"tag-headlines","13":"tag-huvudnyheter","14":"tag-latest-news","15":"tag-latestnews","16":"tag-main-news","17":"tag-mainnews","18":"tag-news","19":"tag-nyheter","20":"tag-rubriker","21":"tag-se","22":"tag-svenska","23":"tag-sverige","24":"tag-sweden","25":"tag-swedish","26":"tag-top-stories","27":"tag-topstories"},"share_on_mastodon":{"url":"https:\/\/pubeurope.com\/@se\/115490217247654710","error":""},"_links":{"self":[{"href":"https:\/\/www.europesays.com\/se\/wp-json\/wp\/v2\/posts\/71959","targetHints":{"allow":["GET"]}}],"collection":[{"href":"https:\/\/www.europesays.com\/se\/wp-json\/wp\/v2\/posts"}],"about":[{"href":"https:\/\/www.europesays.com\/se\/wp-json\/wp\/v2\/types\/post"}],"author":[{"embeddable":true,"href":"https:\/\/www.europesays.com\/se\/wp-json\/wp\/v2\/users\/2"}],"replies":[{"embeddable":true,"href":"https:\/\/www.europesays.com\/se\/wp-json\/wp\/v2\/comments?post=71959"}],"version-history":[{"count":0,"href":"https:\/\/www.europesays.com\/se\/wp-json\/wp\/v2\/posts\/71959\/revisions"}],"wp:featuredmedia":[{"embeddable":true,"href":"https:\/\/www.europesays.com\/se\/wp-json\/wp\/v2\/media\/1029"}],"wp:attachment":[{"href":"https:\/\/www.europesays.com\/se\/wp-json\/wp\/v2\/media?parent=71959"}],"wp:term":[{"taxonomy":"category","embeddable":true,"href":"https:\/\/www.europesays.com\/se\/wp-json\/wp\/v2\/categories?post=71959"},{"taxonomy":"post_tag","embeddable":true,"href":"https:\/\/www.europesays.com\/se\/wp-json\/wp\/v2\/tags?post=71959"}],"curies":[{"name":"wp","href":"https:\/\/api.w.org\/{rel}","templated":true}]}}