{"id":71969,"date":"2025-11-04T07:27:13","date_gmt":"2025-11-04T07:27:13","guid":{"rendered":"https:\/\/www.europesays.com\/se\/71969\/"},"modified":"2025-11-04T07:27:13","modified_gmt":"2025-11-04T07:27:13","slug":"nya-black-friday-fusket-sa-rundar-butiken-lagen","status":"publish","type":"post","link":"https:\/\/www.europesays.com\/se\/71969\/","title":{"rendered":"Nya Black Friday-fusket: S\u00e5 rundar butiken lagen"},"content":{"rendered":"<p class=\"boxtextgrotesk-root_baa6 hyperion-css-7pajle\">Uppdaterad 07.43 | Publicerad 06.05<\/p>\n<p>share-arrowDela<\/p>\n<p>unsaveSpara<\/p>\n<p>expand-left<\/p>\n<p>helsk\u00e4rm<img decoding=\"async\" class=\"image-asset hyperion-css-u06ts1\" data-test-tag=\"image-asset\" src=\"https:\/\/www.europesays.com\/se\/wp-content\/uploads\/2025\/11\/da574276-4d71-4b99-9436-fac612668e81\"  alt=\"Butikerna h\u00f6jer priserna redan i oktober f\u00f6r att kunna s\u00e4nka dem inf\u00f6r Black Friday, enligt Prisjakt. Arkivbild.\"  loading=\"eager\" fetchpriority=\"high\" style=\"aspect-ratio:1900 \/ 1267\"\/>Butikerna h\u00f6jer priserna redan i oktober f\u00f6r att kunna s\u00e4nka dem inf\u00f6r Black Friday, enligt Prisjakt. Arkivbild. Foto: Janerik Henriksson\/TT<\/p>\n<p class=\"hyperion-css-1shl3oz\" data-test-tag=\"lead-text\">Hundratusentals priser i svenska n\u00e4tbutiker har redan h\u00f6jts inf\u00f6r v\u00e4ntade s\u00e4nkningar till Black Friday i slutet av november.<\/p>\n<p class=\"hyperion-css-1shl3oz\" data-test-tag=\"lead-text\">\u2013 N\u00e4r pris\u00f6kningar blir st\u00f6rre \u00e4n tio procent, d\u00e5 \u00e4r det n\u00e5got som skulle kunna vara suspekt, s\u00e4ger Isabella Ahmadi, konsumentexpert p\u00e5 Prisjakt.<\/p>\n<p class=\"hyperion-css-1v9qo5x\">Prisj\u00e4mf\u00f6relsesajten Prisjakt har tittat p\u00e5 n\u00e4rmare 3 miljoner priser under oktober \u2013 och sl\u00e5r fast att 13 procent av priserna p\u00e5 n\u00e4tbutikerna har h\u00f6jts med mer \u00e4n 10 procent i oktober.<\/p>\n<p class=\"hyperion-css-1v9qo5x\">Att vissa butiker h\u00f6jer priser tillf\u00e4lligt innan rea-perioder f\u00f6r att sedan s\u00e4nka priserna \u00e4r inget nytt fenomen. F\u00f6r att motverka denna typ av vilseledande marknadsf\u00f6ring m\u00e5ste f\u00f6retag vid priss\u00e4nkningar ange det l\u00e4gsta priset en vara haft senaste 30 dagarna. Detta sedan 2022 d\u00e5 prisinformationslagen uppdaterades.<\/p>\n<p class=\"hyperion-css-1v9qo5x\">F\u00f6rra \u00e5ret br\u00f6t fyra av tio e-handelsf\u00f6retag mot de nya best\u00e4mmelserna, enligt en granskning av <a data-test-tag=\"internal-link\" href=\"https:\/\/www.aftonbladet.se\/tagg\/konsumentverket\" class=\"hyperion-css-15jkft9\" rel=\"nofollow noopener\" target=\"\" aria-label=\"Konsumentverket\" theme=\"ekonomi\">Konsumentverket<\/a>.<\/p>\n<p>Rundar lagen<\/p>\n<p class=\"hyperion-css-1v9qo5x\">Men flera av n\u00e4tbutikerna har nu hittat en ny taktik som inte bryter mot lagen \u2013 d\u00e4r kunden \u00e4nd\u00e5 luras, menar Isabella Ahmadi. Det sker genom att butikerna h\u00f6jer priserna redan i oktober, och d\u00e5 blir l\u00e4gsta priset under en 30-dagarsperiod fortfarande h\u00f6gre \u00e4n vid reatillf\u00e4llet.<\/p>\n<p class=\"hyperion-css-1v9qo5x\">\u2013 Andelen priser som har \u00f6kat med mer \u00e4n 10 procent i oktober har blivit st\u00f6rre sedan man inf\u00f6rde den h\u00e4r lagen. Det ser jag som ett tecken p\u00e5 en ny priss\u00e4ttningstrend \u2013 d\u00e4r man h\u00f6jer priserna i mycket god tid inf\u00f6r en stor reaperiod, som Black Friday, s\u00e4ger Isabella Ahmadi.<\/p>\n<p class=\"hyperion-css-1v9qo5x\">Maria Wiezell som \u00e4r konsumentexpert p\u00e5 den oberoende organisationen Sveriges konsumenter blir inte f\u00f6rv\u00e5nad \u00f6ver Prisjakts analys.<\/p>\n<p class=\"hyperion-css-1v9qo5x\">\u2013 Vi har sett de senaste \u00e5ren att det har inte fungerat s\u00e5 som det var t\u00e4nkt med prisinformationslagen. Dessutom \u00e4r det m\u00e5nga f\u00f6retag som inte skriver ut vad det l\u00e4gsta priset varit, s\u00e4ger hon.<\/p>\n<p>Produkter som sticker ut<\/p>\n<p class=\"hyperion-css-1v9qo5x\">Framf\u00f6r allt sticker kl\u00e4der och skor ut, s\u00e4rskilt barnst\u00f6vlar, vandringsskor och jackor. \u00c4ven teknikprodukter som tv-apparater, tv\u00e4ttmaskiner och diskmaskiner visar tydliga prish\u00f6jningar.<\/p>\n<p class=\"hyperion-css-1v9qo5x\">Isabella Ahmadi tipsar konsumenten att ta kontroll \u00f6ver sin egen shoppingsituation och j\u00e4mf\u00f6ra priserna minst sex dagar \u2013 men helst tre m\u00e5nader tillbaka.<\/p>\n<p>FAKTAExperternas tips inf\u00f6r Black Friday<\/p>\n<p class=\"hyperion-css-jonaf8\">\u2013 G\u00f6r research innan du shoppar. Anv\u00e4nd prisj\u00e4mf\u00f6relsesajter och g\u00e5 tillbaka \u00f6ver 30 dagar f\u00f6r att se vad det ordinarie priset ligger p\u00e5.<\/p>\n<p class=\"hyperion-css-jonaf8\">\u2013 Kom ih\u00e5g att prisj\u00e4mf\u00f6relsesajterna ocks\u00e5 har annonser p\u00e5 sina hemsidor och att alla f\u00f6retag inte finns med.<\/p>\n<p class=\"hyperion-css-jonaf8\">\u2013 Fundera om priset f\u00f6r varan \u00e4r rimligt, bli inte f\u00f6rblindad av \u201dreaprocenten\u201d. En vara kan verka rabatterad men vara minst lika dyr som innan.<\/p>\n<p class=\"hyperion-css-jonaf8\">\u2013 Under reaperioderna ska man vara medveten om att butikerna g\u00f6r allt f\u00f6r att f\u00e5 dig att k\u00f6pa varor du egentligen inte t\u00e4nkt. Bland annat genom r\u00f6da lappar eller \u201dk\u00f6p tre betala f\u00f6r tv\u00e5\u201d. Undvik att k\u00f6pa extra varor bara f\u00f6r att de \u00e4r prisnedsatta, det blir dyrt i slut\u00e4ndan.<\/p>\n<p class=\"hyperion-css-jonaf8\">\u2013 Black Friday \u00e4r fortfarande ett tillf\u00e4lle d\u00e4r du som konsument kan g\u00f6ra bra fynd, men g\u00f6r research och var kritisk f\u00f6r att s\u00e4kerst\u00e4lla att du faktiskt g\u00f6r ett bra k\u00f6p.<\/p>\n<p class=\"hyperion-css-jonaf8\">K\u00e4lla: Konsumentexperterna Isabella Ahmadi p\u00e5 Prisjakt och Maria Wiezell p\u00e5 Sveriges konsumenter.<\/p>\n<p>L\u00e4s mer<\/p>\n","protected":false},"excerpt":{"rendered":"Uppdaterad 07.43 | Publicerad 06.05 share-arrowDela unsaveSpara expand-left helsk\u00e4rmButikerna h\u00f6jer priserna redan i oktober f\u00f6r att kunna s\u00e4nka&hellip;\n","protected":false},"author":2,"featured_media":71970,"comment_status":"","ping_status":"","sticky":false,"template":"","format":"standard","meta":{"footnotes":""},"categories":[5],"tags":[22,23,26,27,17,21,24,25,28,29,15,16,18,34,31,33,32,30,19,20],"class_list":{"0":"post-71969","1":"post","2":"type-post","3":"status-publish","4":"format-standard","5":"has-post-thumbnail","7":"category-rubriker","8":"tag-breaking-news","9":"tag-breakingnews","10":"tag-featured-news","11":"tag-featurednews","12":"tag-headlines","13":"tag-huvudnyheter","14":"tag-latest-news","15":"tag-latestnews","16":"tag-main-news","17":"tag-mainnews","18":"tag-news","19":"tag-nyheter","20":"tag-rubriker","21":"tag-se","22":"tag-svenska","23":"tag-sverige","24":"tag-sweden","25":"tag-swedish","26":"tag-top-stories","27":"tag-topstories"},"share_on_mastodon":{"url":"https:\/\/pubeurope.com\/@se\/115490248771366650","error":""},"_links":{"self":[{"href":"https:\/\/www.europesays.com\/se\/wp-json\/wp\/v2\/posts\/71969","targetHints":{"allow":["GET"]}}],"collection":[{"href":"https:\/\/www.europesays.com\/se\/wp-json\/wp\/v2\/posts"}],"about":[{"href":"https:\/\/www.europesays.com\/se\/wp-json\/wp\/v2\/types\/post"}],"author":[{"embeddable":true,"href":"https:\/\/www.europesays.com\/se\/wp-json\/wp\/v2\/users\/2"}],"replies":[{"embeddable":true,"href":"https:\/\/www.europesays.com\/se\/wp-json\/wp\/v2\/comments?post=71969"}],"version-history":[{"count":0,"href":"https:\/\/www.europesays.com\/se\/wp-json\/wp\/v2\/posts\/71969\/revisions"}],"wp:featuredmedia":[{"embeddable":true,"href":"https:\/\/www.europesays.com\/se\/wp-json\/wp\/v2\/media\/71970"}],"wp:attachment":[{"href":"https:\/\/www.europesays.com\/se\/wp-json\/wp\/v2\/media?parent=71969"}],"wp:term":[{"taxonomy":"category","embeddable":true,"href":"https:\/\/www.europesays.com\/se\/wp-json\/wp\/v2\/categories?post=71969"},{"taxonomy":"post_tag","embeddable":true,"href":"https:\/\/www.europesays.com\/se\/wp-json\/wp\/v2\/tags?post=71969"}],"curies":[{"name":"wp","href":"https:\/\/api.w.org\/{rel}","templated":true}]}}