{"id":71984,"date":"2025-11-04T07:47:22","date_gmt":"2025-11-04T07:47:22","guid":{"rendered":"https:\/\/www.europesays.com\/se\/71984\/"},"modified":"2025-11-04T07:47:22","modified_gmt":"2025-11-04T07:47:22","slug":"per-frick-vi-ar-kanske-samst-i-sverige-allsvenskan","status":"publish","type":"post","link":"https:\/\/www.europesays.com\/se\/71984\/","title":{"rendered":"Per Frick: \u201dVi \u00e4r kanske s\u00e4mst i Sverige\u201d | Allsvenskan"},"content":{"rendered":"<p>Publicerad 2 nov 2025 kl 17.49<\/p>\n<p>Per Frick tycker att Elfsborg \u00e4r \u201dkanske allsvenskans s\u00e4msta lag\u201d.<\/p>\n<p>Rycker de inte upp sig riskerar de att \u00e5ka ur 2026.<\/p>\n<p>\u2013 Nu tror jag Per har pratat lite emotionellt efter matchen, s\u00e4ger tr\u00e4naren Oscar Hiljemark efter 3\u20130-f\u00f6rlusten mot AIK.<\/p>\n<p><img loading=\"lazy\"   alt=\"\"\/><\/p>\n<p>Per Frick.<\/p>\n<p>Foto: J\u00d6RGEN JARNBERGER \/ BILDBYR\u00c5N<\/p>\n<p>\u00d6ppna bild i helsk\u00e4rm<img loading=\"lazy\"   alt=\"\"\/><\/p>\n<p>Oscar Hiljemark.<\/p>\n<p>Foto: J\u00d6RGEN JARNBERGER \/ BILDBYR\u00c5N<\/p>\n<p>\u00d6ppna bild i helsk\u00e4rm<\/p>\n<p>De senaste tio allsvenska omg\u00e5ngarna finns det inget lag i hela allsvenskan som tagit f\u00e4rre po\u00e4ng \u00e4n Elfsborg. I tabellen ligger de p\u00e5 en trygg \u00e5ttondeplats. Och med en match kvar att spela st\u00e5r det klart att det ocks\u00e5 kommer bli deras giltiga.\u00a0<\/p>\n<p>Efter 3\u20130-f\u00f6rsluten hemma mot AIK var anfallare Per Frick h\u00e5rd mot det egna laget. \u00a0<\/p>\n<p>\u2013 Vi \u00e4r i skiten. Det \u00e4r bara att inse att vi inte kan g\u00e5 p\u00e5 semester och tro att allt l\u00f6ser sig av sig sj\u00e4lvt. Att vi om fyra m\u00e5nader \u00e4r ett briljant lag. Det \u00e4r bara att se sig sj\u00e4lv i spegeln och erk\u00e4nna att vi \u00e4r kanske s\u00e4mst i Sverige just nu. Kanske V\u00e4rnamo, men dem kommer vi inte m\u00f6ta n\u00e4sta \u00e5r. Vi m\u00e5ste g\u00f6ra mycket i den h\u00e4r gruppen f\u00f6r att bryta den h\u00e4r trenden. Annars \u00e5ker vi ur allsvenskan n\u00e4sta \u00e5r. Det \u00e4r bara att vara \u00e4rlig, s\u00e4ger han.<\/p>\n<p>Tr\u00e4naren: \u201dFullt f\u00f6rst\u00e5eligt\u201d<\/p>\n<p>Elfborgs tr\u00e4nare Oscar Hiljemark tycker att Frick \u00f6verdriver.\u00a0<\/p>\n<p>\u2013 Nu tror jag Per har pratat lite emotionellt efter matchen. Vilket \u00e4r fullt f\u00f6rst\u00e5eligt. Det \u00e4r vad det \u00e4r. Det \u00e4r en match som vi f\u00f6rlorade, tyv\u00e4rr. Det handlar om att fokusera p\u00e5 n\u00e4sta helg och sen summera s\u00e4songen 2025, s\u00e4ger han efter s\u00e4songens sista hemmamatch.<\/p>\n<p>Johan Larsson, som gjorde sin sista hemmamatch i karri\u00e4ren, ser ocks\u00e5 att Elfsborg beh\u00f6ver f\u00f6rb\u00e4ttra sig.<\/p>\n<p>\u2013 Nej, men det \u00e4r v\u00e4l ganska nyktert analyserat. Med form och tabell och s\u00e5 d\u00e4r. Som sagt, de har lite att jobba med inf\u00f6r n\u00e4sta s\u00e4song.<\/p>\n<p><img loading=\"lazy\"   alt=\"\"\/> <\/p>\n<p>Foto: J\u00d6RGEN JARNBERGER \/ BILDBYR\u00c5N<\/p>\n<p>\u00d6ppna bild i helsk\u00e4rm<\/p>\n<p>Att det finns risk att \u00e5ka ur h\u00e5ller han d\u00e4remot inte med om.<\/p>\n<p>\u2013 Ja, det \u00e4r v\u00e4l lite v\u00e4l onyktert analyserat, om det f\u00f6rra var nyktert analyserat.<\/p>\n<p>\u2013 Det finns inte p\u00e5 kartan att Elfsborg \u00e5ker ur, s\u00e4ger Larsson och motiverar det med att det finns s\u00e5 m\u00e5nga som brinner f\u00f6r klubben.\u00a0<\/p>\n<p>Men han tillst\u00e5r att de kommer beh\u00f6va k\u00e4mpa f\u00f6r det.\u00a0<\/p>\n<p>Hiljemarks framtidsbesked: \u201dHundra procent\u201d<\/p>\n<p>S\u00e5, vad beh\u00f6ver g\u00f6ras till n\u00e4sta s\u00e4song?\u00a0<\/p>\n<p>\u2013 V\u00e4ldigt mycket, tycker Hiljemark.<\/p>\n<p>\u2013 Tittar man p\u00e5 m\u00e5lsk\u00f6rden generellt sett \u00f6ver s\u00e4songen s\u00e5 tror jag att vi \u00e4r uppe snuddare i toppen. Vi har sl\u00e4ppt in f\u00f6r mycket m\u00e5l, det \u00e4r ett faktum. Det \u00e4r en sak som m\u00e5ste f\u00f6rb\u00e4ttras om du vill vara med uppe.<\/p>\n<p>Han \u00e4r helt s\u00e4ker p\u00e5 att han \u00e4r r\u00e4tt man f\u00f6r att leda laget \u00e4ven n\u00e4sta \u00e5r. Ork och motivation finns d\u00e4r.\u00a0<\/p>\n<p>\u2013 Ja, hundra procent!<\/p>\n","protected":false},"excerpt":{"rendered":"Publicerad 2 nov 2025 kl 17.49 Per Frick tycker att Elfsborg \u00e4r \u201dkanske allsvenskans s\u00e4msta lag\u201d. Rycker de&hellip;\n","protected":false},"author":2,"featured_media":71985,"comment_status":"","ping_status":"","sticky":false,"template":"","format":"standard","meta":{"footnotes":""},"categories":[68],"tags":[555,1046,34,130,129,111,110,31,33,32,30],"class_list":{"0":"post-71984","1":"post","2":"type-post","3":"status-publish","4":"format-standard","5":"has-post-thumbnail","7":"category-sport","8":"tag-organization-allsvenskan","9":"tag-organization-if-elfsborg","10":"tag-se","11":"tag-sections-allsvenskan","12":"tag-sections-fotboll","13":"tag-sport","14":"tag-sports","15":"tag-svenska","16":"tag-sverige","17":"tag-sweden","18":"tag-swedish"},"share_on_mastodon":{"url":"https:\/\/pubeurope.com\/@se\/115490327350028427","error":""},"_links":{"self":[{"href":"https:\/\/www.europesays.com\/se\/wp-json\/wp\/v2\/posts\/71984","targetHints":{"allow":["GET"]}}],"collection":[{"href":"https:\/\/www.europesays.com\/se\/wp-json\/wp\/v2\/posts"}],"about":[{"href":"https:\/\/www.europesays.com\/se\/wp-json\/wp\/v2\/types\/post"}],"author":[{"embeddable":true,"href":"https:\/\/www.europesays.com\/se\/wp-json\/wp\/v2\/users\/2"}],"replies":[{"embeddable":true,"href":"https:\/\/www.europesays.com\/se\/wp-json\/wp\/v2\/comments?post=71984"}],"version-history":[{"count":0,"href":"https:\/\/www.europesays.com\/se\/wp-json\/wp\/v2\/posts\/71984\/revisions"}],"wp:featuredmedia":[{"embeddable":true,"href":"https:\/\/www.europesays.com\/se\/wp-json\/wp\/v2\/media\/71985"}],"wp:attachment":[{"href":"https:\/\/www.europesays.com\/se\/wp-json\/wp\/v2\/media?parent=71984"}],"wp:term":[{"taxonomy":"category","embeddable":true,"href":"https:\/\/www.europesays.com\/se\/wp-json\/wp\/v2\/categories?post=71984"},{"taxonomy":"post_tag","embeddable":true,"href":"https:\/\/www.europesays.com\/se\/wp-json\/wp\/v2\/tags?post=71984"}],"curies":[{"name":"wp","href":"https:\/\/api.w.org\/{rel}","templated":true}]}}