{"id":71994,"date":"2025-11-04T08:13:13","date_gmt":"2025-11-04T08:13:13","guid":{"rendered":"https:\/\/www.europesays.com\/se\/71994\/"},"modified":"2025-11-04T08:13:13","modified_gmt":"2025-11-04T08:13:13","slug":"1991-ars-galnaste-film-handlar-om-en-kannibalistisk-kock-streama-den-gratis","status":"publish","type":"post","link":"https:\/\/www.europesays.com\/se\/71994\/","title":{"rendered":"1991 \u00e5rs galnaste film handlar om en kannibalistisk kock &#8211; streama den gratis!"},"content":{"rendered":"<p><strong>Jean-Pierre Jeunet<\/strong> \u00e4r en p\u00e5 alla s\u00e4tt unik auteur inom fransk film. Kanske mest k\u00e4nd f\u00f6r en bredare massa som mannen bakom \u201dAmelie fr\u00e5n Montmartre\u201d, femfaldigt Oscarsnominerad romantisk komedi. <\/p>\n<p>Jeunet har gjort flera olika typer av dramer, men i och med \u201dAmelie\u201d blev han kanske \u00e4n mer k\u00e4nd f\u00f6r sin absurda och ofta surrealistiska stil. Det var emellertid l\u00e5ngt ifr\u00e5n f\u00f6rsta g\u00e5ngen han tog sig an en sm\u00e5tt galen film. Tv\u00e4rtom gjorde han tio \u00e5r tidigare en otroligt bisarr s\u00e5dan med sin debutfilm, tillsammans med <strong>Marc Caro<\/strong>.<\/p>\n<p><a href=\"https:\/\/www.moviezine.se\/movies\/delikatessen\" rel=\"nofollow noopener\" target=\"_blank\">\u201dDelikatessen\u201d<\/a> \u00e4r ett slags post-apokalyptiskt drama, d\u00e4r en galen kannibalistisk kock f\u00f6rser folket med mat fr\u00e5n sitt sadistiska urval. N\u00e4r dotterns k\u00e4rlek blir tillf\u00e5ngatagen m\u00e5ste en grupp vegetarianer r\u00e4dda honom fr\u00e5n k\u00f6ttkvarnen. I rollerna ser vi <strong>Jean-Claude Deyfus, Dominique Pinon, Marie-Laure Dougnac<\/strong> med flera.<\/p>\n<p>Ja, beskrivningen av filmens synopsis l\u00e4r ju tala f\u00f6r sig sj\u00e4lv. Det h\u00e4r \u00e4r en av de absolut mest bisarra (men samtidigt b\u00e4sta) filmer jag haft \u00e4ran att se. F\u00f6rutom att vara v\u00e4ldigt unik och med ett n\u00e5got fr\u00e5nst\u00f6tande tema lyckas den \u00e4ven vara riktigt v\u00e4lspelad, snyggt klippt och v\u00e4lspelad. Man undviker med andra ord att vara en billig parodi eller ren \u201dchockfilm\u201d.<\/p>\n<p>Id\u00e9n f\u00f6r filmen ska ha uppkommit n\u00e4r regiss\u00f6ren bodde i en l\u00e4genhet \u00f6ver ett slakteri. Varje morgon klockan 7 vaknade han och flickv\u00e4nnen till ljudet av knivar och orden \u201dchop chop\u201d. Flickv\u00e4nnen skojade om att han slaktade grannarna och att det snart var deras tur.<\/p>\n<p>\u201dDelikatessen\u201d nominerades till B\u00e4sta utl\u00e4ndska film vid den prestigefyllda BAFTA-galan. Vid franska Oscarsmotsvarigheten C\u00e9sar vann den fyra priser av totalt tio (!) nomineringar. D\u00e4ribland B\u00e4sta debutfilm och B\u00e4sta manus. Sk\u00e5despelarna nominerades \u00e4ven, likv\u00e4l musiken. Nominerad till Bronsh\u00e4sten vid Stockholms filmfestival.<\/p>\n<p>Nu kan du \u00e5ter njuta av denna absurda feberdr\u00f6m till film, om du v\u00e5gar!<\/p>\n<p>Dessutom kan du se den och mycket annat helt gratis.<\/p>\n<p><a href=\"https:\/\/mubi.com\/en\/t\/web\/global\/SLJ06MU3\" rel=\"nofollow noopener\" target=\"_blank\"><strong>Moviezine bjuder p\u00e5 en m\u00e5nads gratis MUBI! Streama hundratals kvalitetsfilmer fr\u00e5n hela v\u00e4rlden.<\/strong><\/a><\/p>\n<p><img loading=\"lazy\" decoding=\"async\" alt=\"YouTube video\" width=\"480\" height=\"360\" data-pin-nopin=\"true\" nopin=\"nopin\" class=\"perfmatters-lazy\" src=\"https:\/\/www.europesays.com\/se\/wp-content\/uploads\/2025\/11\/1762243993_285_hqdefault.jpg\"\/><\/p>\n<p>L\u00e4s ocks\u00e5: <a href=\"https:\/\/www.moviezine.se\/nyheter\/19-nya-filmer-har-precis-lagts-till-pa-svt-play-missa-inte-en-stortrolig-svensk-komedi\" title=\"19 nya filmer p\u00e5 SVT Play! Missa inte en st\u00f6rtrolig svensk komedi fr\u00e5n 1991\" class=\"underline-custom !font-montserrat !font-bold !underline-offset-4 !decoration-4 !decoration-moviezine-green !text-md\" rel=\"nofollow noopener\" target=\"_blank\">19 nya filmer p\u00e5 SVT Play! Missa inte en st\u00f6rtrolig svensk komedi fr\u00e5n 1991<\/a><\/p>\n<p>L\u00e4s ocks\u00e5: <a href=\"https:\/\/www.moviezine.se\/nyheter\/7-nya-filmer-har-biopremiar-den-har-veckan-en-har-fatt-toppbetyg\" title=\"7 nya filmer har biopremi\u00e4r den h\u00e4r veckan \u2013 en har f\u00e5tt toppbetyg!\" class=\"underline-custom !font-montserrat !font-bold !underline-offset-4 !decoration-4 !decoration-moviezine-green !text-md\" rel=\"nofollow noopener\" target=\"_blank\">7 nya filmer har biopremi\u00e4r den h\u00e4r veckan \u2013 en har f\u00e5tt toppbetyg!<\/a><\/p>\n","protected":false},"excerpt":{"rendered":"Jean-Pierre Jeunet \u00e4r en p\u00e5 alla s\u00e4tt unik auteur inom fransk film. Kanske mest k\u00e4nd f\u00f6r en bredare&hellip;\n","protected":false},"author":2,"featured_media":71995,"comment_status":"","ping_status":"","sticky":false,"template":"","format":"standard","meta":{"footnotes":""},"categories":[67],"tags":[104,34,2032,31,33,32,30,105],"class_list":{"0":"post-71994","1":"post","2":"type-post","3":"status-publish","4":"format-standard","5":"has-post-thumbnail","7":"category-underhallning","8":"tag-entertainment","9":"tag-se","10":"tag-streamingtips","11":"tag-svenska","12":"tag-sverige","13":"tag-sweden","14":"tag-swedish","15":"tag-underhallning"},"share_on_mastodon":{"url":"https:\/\/pubeurope.com\/@se\/115490429783233327","error":""},"_links":{"self":[{"href":"https:\/\/www.europesays.com\/se\/wp-json\/wp\/v2\/posts\/71994","targetHints":{"allow":["GET"]}}],"collection":[{"href":"https:\/\/www.europesays.com\/se\/wp-json\/wp\/v2\/posts"}],"about":[{"href":"https:\/\/www.europesays.com\/se\/wp-json\/wp\/v2\/types\/post"}],"author":[{"embeddable":true,"href":"https:\/\/www.europesays.com\/se\/wp-json\/wp\/v2\/users\/2"}],"replies":[{"embeddable":true,"href":"https:\/\/www.europesays.com\/se\/wp-json\/wp\/v2\/comments?post=71994"}],"version-history":[{"count":0,"href":"https:\/\/www.europesays.com\/se\/wp-json\/wp\/v2\/posts\/71994\/revisions"}],"wp:featuredmedia":[{"embeddable":true,"href":"https:\/\/www.europesays.com\/se\/wp-json\/wp\/v2\/media\/71995"}],"wp:attachment":[{"href":"https:\/\/www.europesays.com\/se\/wp-json\/wp\/v2\/media?parent=71994"}],"wp:term":[{"taxonomy":"category","embeddable":true,"href":"https:\/\/www.europesays.com\/se\/wp-json\/wp\/v2\/categories?post=71994"},{"taxonomy":"post_tag","embeddable":true,"href":"https:\/\/www.europesays.com\/se\/wp-json\/wp\/v2\/tags?post=71994"}],"curies":[{"name":"wp","href":"https:\/\/api.w.org\/{rel}","templated":true}]}}