{"id":72101,"date":"2025-11-04T10:11:12","date_gmt":"2025-11-04T10:11:12","guid":{"rendered":"https:\/\/www.europesays.com\/se\/72101\/"},"modified":"2025-11-04T10:11:12","modified_gmt":"2025-11-04T10:11:12","slug":"lulea-overens-med-karpat-om-overgang-for-tardif-shl","status":"publish","type":"post","link":"https:\/\/www.europesays.com\/se\/72101\/","title":{"rendered":"Lule\u00e5 \u00f6verens med K\u00e4rp\u00e4t om \u00f6verg\u00e5ng f\u00f6r Tardif | SHL"},"content":{"rendered":"<p>Publicerad 4 nov 2025 kl 09.48Uppdaterad kl 10.22<\/p>\n<p>Lule\u00e5 har f\u00f6rs\u00f6kt en l\u00e4ngre tid.<\/p>\n<p>Nu \u00e4r det klart.<\/p>\n<p>Enligt uppgifter till Expressen \u00e4r klubben \u00f6verens med K\u00e4rp\u00e4t om en \u00f6verg\u00e5ng g\u00e4llande Ben Tardif, som \u00e4ven skriver p\u00e5 f\u00f6r n\u00e4sta s\u00e4song.<\/p>\n<p><img   alt=\"\"\/> <\/p>\n<p>Foto: TIL BUERGY \/ KEYSTONE<\/p>\n<p>\u00d6ppna bild i helsk\u00e4rm<\/p>\n<p>Det \u00e4r ingen hemlighet att <a href=\"https:\/\/www.expressen.se\/tagg\/organization\/lulea-hockey\/\" class=\"\" rel=\"nofollow noopener\" target=\"_blank\">Lule\u00e5 Hockey<\/a> har gjort rej\u00e4la f\u00f6rs\u00f6k att st\u00e4rka sin trupp f\u00f6r n\u00e4sta s\u00e4song.<\/p>\n<p>Kanadensaren Ben Tardif har levererat tio m\u00e5l f\u00f6r finska K\u00e4rp\u00e4t, men har inte trivts i Ule\u00e5borg, och velat flytta p\u00e5 sig. Lule\u00e5 visade tidigt intresse f\u00f6r honom, och <a href=\"https:\/\/www.nsd.se\/sport\/ishockey\/artikel\/avslojar-lulea-hockey-jobbar-pa-malfarlig-kanadensare\/jn179yml\" rel=\"nofollow noopener\" target=\"_blank\">NSD<\/a> rapporterade att K\u00e4rp\u00e4t beg\u00e4rde ett byte av spelare. N\u00e5got som Lule\u00e5 dock inte vara villiga att g\u00e5 klubben till m\u00f6tes, d\u00e5 man har f\u00f6r avsikt att b\u00e5de bredda och spetsa sitt lag.<\/p>\n<p>D\u00e4rf\u00f6r har det varit tal om en \u00f6verg\u00e5ngssumma. H\u00e4r har Lule\u00e5 och K\u00e4rp\u00e4t inte kunnat komma \u00f6verens. <a href=\"https:\/\/www.expressen.se\/sport\/hockey\/shl\/sillyrummet-forsmarks-val-sa-langt-ar-dahlbecks-avtal-dif-vill-forlanga-veteran-pa-marknaden\/\" rel=\"nofollow noopener\" target=\"_blank\">Expressen<\/a> rapporterade i f\u00f6rra veckan om att parterna inte var \u00f6verens, men att aff\u00e4ren \u00e4nd\u00e5 levde, f\u00f6rutsatt att Lule\u00e5 betalade det K\u00e4rp\u00e4t ville ha, och dessutom kunde erbjuda n\u00e4sta s\u00e4song f\u00f6r spelaren. D\u00e5 var det dock nej.<\/p>\n<p>F\u00e5r kontrakt \u00e4ven n\u00e4sta s\u00e4song<\/p>\n<p>Nu har man l\u00f6st de bitarna.<\/p>\n<p>Enligt k\u00e4llor till Expressen \u00e4r Lule\u00e5 och K\u00e4rp\u00e4t \u00f6verens om en \u00f6verg\u00e5ngssumma p\u00e5 runt 100 000 euro. Dessutom f\u00e5r Tardif kontrakt med Lule\u00e5 f\u00f6r denna, plus n\u00e4sta s\u00e4song.\u00a0<\/p>\n<p><a href=\"https:\/\/www.nsd.se\/sport\/ishockey\/artikel\/kallor-karpats-skyttekung-vill-till-lulea-hockey\/jvd297ej\" rel=\"nofollow noopener\" target=\"_blank\">NSD<\/a> rapporterade ig\u00e5r att Tardif kunde t\u00e4nka sig att g\u00e5 ner i l\u00f6n f\u00f6r att komma ur kontraktet. Det g\u00f6r han ocks\u00e5 \u2013 denna s\u00e4song. Men till n\u00e4sta s\u00e4song m\u00e5ste Lule\u00e5 lasta upp betydligt b\u00e4ttre betalt. Enligt vad Expressen erfar s\u00e5 landar det in p\u00e5 en bit \u00f6ver 200 000 euro netto i l\u00f6n f\u00f6r n\u00e4sta s\u00e4song.<\/p>\n<p>25-\u00e5rige Ben Tardif har spelat i Finland de tre senaste s\u00e4songerna f\u00f6r KooKoo och K\u00e4rp\u00e4t, och hade avtal till 2027. Eftersom han hade en klausul mellan denna, och n\u00e4sta s\u00e4song, s\u00e5 g\u00e5r K\u00e4rp\u00e4t med p\u00e5 en l\u00f6sning redan nu, eftersom man f\u00e5r en ers\u00e4ttning man anser rimlig, f\u00f6r att d\u00e5 kunna g\u00e5 ut p\u00e5 marknaden och titta p\u00e5 andra spelare.<\/p>\n","protected":false},"excerpt":{"rendered":"Publicerad 4 nov 2025 kl 09.48Uppdaterad kl 10.22 Lule\u00e5 har f\u00f6rs\u00f6kt en l\u00e4ngre tid. Nu \u00e4r det klart.&hellip;\n","protected":false},"author":2,"featured_media":72102,"comment_status":"","ping_status":"","sticky":false,"template":"","format":"standard","meta":{"footnotes":""},"categories":[5],"tags":[22,23,26,27,17,21,24,25,28,29,15,16,1178,1179,18,34,255,823,31,33,32,30,19,20],"class_list":{"0":"post-72101","1":"post","2":"type-post","3":"status-publish","4":"format-standard","5":"has-post-thumbnail","7":"category-rubriker","8":"tag-breaking-news","9":"tag-breakingnews","10":"tag-featured-news","11":"tag-featurednews","12":"tag-headlines","13":"tag-huvudnyheter","14":"tag-latest-news","15":"tag-latestnews","16":"tag-main-news","17":"tag-mainnews","18":"tag-news","19":"tag-nyheter","20":"tag-organization-lulea-hockey","21":"tag-organization-shl","22":"tag-rubriker","23":"tag-se","24":"tag-sections-ishockey","25":"tag-sections-shl","26":"tag-svenska","27":"tag-sverige","28":"tag-sweden","29":"tag-swedish","30":"tag-top-stories","31":"tag-topstories"},"share_on_mastodon":{"url":"https:\/\/pubeurope.com\/@se\/115490893525324554","error":""},"_links":{"self":[{"href":"https:\/\/www.europesays.com\/se\/wp-json\/wp\/v2\/posts\/72101","targetHints":{"allow":["GET"]}}],"collection":[{"href":"https:\/\/www.europesays.com\/se\/wp-json\/wp\/v2\/posts"}],"about":[{"href":"https:\/\/www.europesays.com\/se\/wp-json\/wp\/v2\/types\/post"}],"author":[{"embeddable":true,"href":"https:\/\/www.europesays.com\/se\/wp-json\/wp\/v2\/users\/2"}],"replies":[{"embeddable":true,"href":"https:\/\/www.europesays.com\/se\/wp-json\/wp\/v2\/comments?post=72101"}],"version-history":[{"count":0,"href":"https:\/\/www.europesays.com\/se\/wp-json\/wp\/v2\/posts\/72101\/revisions"}],"wp:featuredmedia":[{"embeddable":true,"href":"https:\/\/www.europesays.com\/se\/wp-json\/wp\/v2\/media\/72102"}],"wp:attachment":[{"href":"https:\/\/www.europesays.com\/se\/wp-json\/wp\/v2\/media?parent=72101"}],"wp:term":[{"taxonomy":"category","embeddable":true,"href":"https:\/\/www.europesays.com\/se\/wp-json\/wp\/v2\/categories?post=72101"},{"taxonomy":"post_tag","embeddable":true,"href":"https:\/\/www.europesays.com\/se\/wp-json\/wp\/v2\/tags?post=72101"}],"curies":[{"name":"wp","href":"https:\/\/api.w.org\/{rel}","templated":true}]}}