{"id":72240,"date":"2025-11-04T13:30:12","date_gmt":"2025-11-04T13:30:12","guid":{"rendered":"https:\/\/www.europesays.com\/se\/72240\/"},"modified":"2025-11-04T13:30:12","modified_gmt":"2025-11-04T13:30:12","slug":"gustavsson-har-bosse-motivationen-forstar-om-han-inte-har-det","status":"publish","type":"post","link":"https:\/\/www.europesays.com\/se\/72240\/","title":{"rendered":"GUSTAVSSON:\u00a0Har Bosse motivationen? F\u00f6rst\u00e5r om han inte har det\u201d"},"content":{"rendered":"<p><strong>Djurg\u00e5rdens oms\u00e4ttning p\u00e5 spelare har i flera \u00e5rs tid varit mycket stor. Och som om det inte vore nog s\u00e5 skakades klubben under v\u00e5ren och sommaren av en abnorm skadesituation.\u00a0<br \/>Nu ser lugnet ut att vara i stort sett \u00e5terst\u00e4llt efter en stark h\u00f6st \u2013 men nya stora utmaningar ser snart ut att v\u00e4nta.\u00a0<br \/>FotbollDirekts Ola Gustavsson om den stora betydelsen f\u00f6r Djurg\u00e5rden att Bosse Andersson har motivation f\u00f6r ett \u00e5r till.\u00a0<\/strong><\/p>\n<p><strong>\u2714\ufe0f\u00a0Har g\u00e5tt igenom det kanske v\u00e4rsta \u00e5ret i sin karri\u00e4r \u2013 men trots det kan \u00e4nnu st\u00f6rre utmaningar v\u00e4nta.\u00a0<br \/>\u2714\ufe0f\u00a0Extrema bilden i januari.\u00a0<br \/>\u2714\ufe0fDjurg\u00e5rdens h\u00e5rda arbete f\u00f6r att beh\u00e5lla honom.\u00a0<br \/>\u2714\ufe0f\u00a0Sportchefens extrema livsstil: \u201dHan m\u00e5ste vara r\u00e4dd om sig sj\u00e4lv\u201d<br \/>\u2714\ufe0f\u00a0Livet efter Djurg\u00e5rden: \u201dFr\u00e5n Super-Bosse \u2013 till Superk\u00e4ndis\u201d<\/strong>.<\/p>\n","protected":false},"excerpt":{"rendered":"Djurg\u00e5rdens oms\u00e4ttning p\u00e5 spelare har i flera \u00e5rs tid varit mycket stor. Och som om det inte vore&hellip;\n","protected":false},"author":2,"featured_media":72241,"comment_status":"","ping_status":"","sticky":false,"template":"","format":"standard","meta":{"footnotes":""},"categories":[66],"tags":[774,80,78,79,34,31,33,32,30,81,84,83,82],"class_list":{"0":"post-72240","1":"post","2":"type-post","3":"status-publish","4":"format-standard","5":"has-post-thumbnail","7":"category-vetenskap-och-teknik","8":"tag-mini-top-block-1","9":"tag-science","10":"tag-science-and-technology","11":"tag-scienceandtechnology","12":"tag-se","13":"tag-svenska","14":"tag-sverige","15":"tag-sweden","16":"tag-swedish","17":"tag-technology","18":"tag-teknik","19":"tag-vetenskap","20":"tag-vetenskapteknik"},"share_on_mastodon":{"url":"https:\/\/pubeurope.com\/@se\/115491676117237052","error":""},"_links":{"self":[{"href":"https:\/\/www.europesays.com\/se\/wp-json\/wp\/v2\/posts\/72240","targetHints":{"allow":["GET"]}}],"collection":[{"href":"https:\/\/www.europesays.com\/se\/wp-json\/wp\/v2\/posts"}],"about":[{"href":"https:\/\/www.europesays.com\/se\/wp-json\/wp\/v2\/types\/post"}],"author":[{"embeddable":true,"href":"https:\/\/www.europesays.com\/se\/wp-json\/wp\/v2\/users\/2"}],"replies":[{"embeddable":true,"href":"https:\/\/www.europesays.com\/se\/wp-json\/wp\/v2\/comments?post=72240"}],"version-history":[{"count":0,"href":"https:\/\/www.europesays.com\/se\/wp-json\/wp\/v2\/posts\/72240\/revisions"}],"wp:featuredmedia":[{"embeddable":true,"href":"https:\/\/www.europesays.com\/se\/wp-json\/wp\/v2\/media\/72241"}],"wp:attachment":[{"href":"https:\/\/www.europesays.com\/se\/wp-json\/wp\/v2\/media?parent=72240"}],"wp:term":[{"taxonomy":"category","embeddable":true,"href":"https:\/\/www.europesays.com\/se\/wp-json\/wp\/v2\/categories?post=72240"},{"taxonomy":"post_tag","embeddable":true,"href":"https:\/\/www.europesays.com\/se\/wp-json\/wp\/v2\/tags?post=72240"}],"curies":[{"name":"wp","href":"https:\/\/api.w.org\/{rel}","templated":true}]}}